{"id":12951,"date":"2016-05-18T12:34:21","date_gmt":"2016-05-18T10:34:21","guid":{"rendered":"http:\/\/www.gruppopdregionetoscana.it\/web\/?p=12951"},"modified":"2016-05-18T12:34:21","modified_gmt":"2016-05-18T10:34:21","slug":"beni-confiscati-alle-mafie-lesperienza-di-scandicci-modello-per-la-toscana-via-libera-del-consiglio-alla-mozione-di-monia-monni-pd","status":"publish","type":"post","link":"https:\/\/www.gruppopdregionetoscana.it\/web\/beni-confiscati-alle-mafie-lesperienza-di-scandicci-modello-per-la-toscana-via-libera-del-consiglio-alla-mozione-di-monia-monni-pd\/","title":{"rendered":"Beni confiscati alle mafie, l\u2019esperienza di Scandicci modello per la Toscana, via libera del Consiglio alla mozione di Monia Monni (Pd)"},"content":{"rendered":"<p><i><span style=\"font-family: 'Times New Roman','serif'; font-size: 14pt;\"><span style=\"color: #000000;\">Via ai percorsi di cittadinanza attiva e al tavolo regionale con Istituzioni e associazioni<\/span><\/span><\/i><\/p>\n<p><span style=\"font-family: 'Times New Roman','serif'; font-size: 14pt;\"><span style=\"color: #000000;\">\u00a0<\/span><\/span><span style=\"font-family: 'Times New Roman','serif'; font-size: 14pt;\"><span style=\"color: #000000;\">Sensibilizzare i cittadini sui temi della legalit\u00e0 e dei beni confiscati alle mafie, promuovendo progetti di cittadinanza attiva come ha fatto dal Comune di Scandicci in collaborazione con la cooperativa sociale Beppe Montana, il commissario di polizia ucciso\u00a0 a Porticello il 28 luglio 1985, aprendo un tavolo regionale con Istituzioni e associazioni. Con l\u2019obiettivo di dare sempre pi\u00f9 estensione e forza\u00a0 a questo tipo di iniziative.\u00a0 Il via libera ad aumentare l\u2019impegno da parte della Regione in questa direzione\u00a0 \u00e8 arrivato ieri dall\u2019assemblea di Palazzo Panciatichi che ha votato\u00a0 a larga maggioranza (una sola astensione)\u00a0 la mozione presentata dalla\u00a0 <b>vice capogruppo Monia Monni e sottoscritta dal gruppo Pd<\/b><\/span><span style=\"color: #000000;\"> . Questo nuovo progetto prende spunto dall\u2019iniziativa del Comune di Scandicci \u201cVitamine per la Scuola\u201d, in corso dal 2011, nell\u2019ambito del programma \u201cLibera la tua terra &#8211; percorsi di cittadinanza attiva e di educazione alla legalit\u00e0\u201d, in collaborazione con la Cooperativa sociale Beppe Montana e punta a diffondere iniziative per la legalit\u00e0 in tutta la Toscana . \u201cLe attivit\u00e0 di recupero dei terreni confiscati, restituiti alla collettivit\u00e0, rappresentano \u2013 <\/span><b><span style=\"color: #000000;\">ha spiegato Monia Monni intervenendo in aula-<\/span><\/b><span style=\"color: #000000;\"> un percorso di fondamentale importanza nel contrasto alle mafie e di riscatto per le popolazioni, soprattutto di quelle regioni dove il fenomeno della criminalit\u00e0 organizzata risulta maggiormente radicato. Sono orgogliosa di aver portato nell\u2019aula del Consiglio regionale l&#8217;esperienza promossa dal Comune di Scandicci in collaborazione con la cooperativa di Libera Terra intitolata a Beppe Montana, ucciso prima che potesse testimoniare nel primo maxi processo che nel 1992 \u00a0che sanc\u00ec l&#8217;esistenza dell&#8217;organiz<\/span><span style=\"color: #000000;\">zazione criminale organizzata denominata &#8220;Cosa Nostra&#8221;. Sono soddisfatta del voto espresso in aula che permetter\u00e0 di potenziare tutte quelle iniziative, come appunto quella scandiccese che ha realizzato la vendita di pi\u00f9 di 35.000 kg di arance, che pongano centrale attenzione al tema della legalit\u00e0<\/span><span style=\"color: #000000;\">\u201d. La consigliera Monni ha sottolineato il lavoro della cooperativa sociale Beppe Montana che gestisce circa 90 ettari di terreni agricoli, coltivati prevalentemente da agrumeti, provenienti da confische nei Comuni di Lentini (appartenuti al clan Nardo), di Belpasso e Ramacca (appartenuti al clan Riela). <\/span><\/span><\/p>\n<p><span style=\"color: #000000; font-family: Calibri;\">\u00a0<\/span><\/p>\n<p>&nbsp;<\/p>\n","protected":false},"excerpt":{"rendered":"<p>Via ai percorsi di cittadinanza attiva e al tavolo regionale con Istituzioni e associazioni \u00a0Sensibilizzare i cittadini sui temi della legalit\u00e0 e dei beni confiscati alle mafie, promuovendo progetti di cittadinanza attiva come ha fatto dal Comune di Scandicci in collaborazione con la cooperativa sociale Beppe Montana, il commissario di polizia ucciso\u00a0 a Porticello il [&hellip;]<\/p>\n","protected":false},"author":1,"featured_media":12952,"comment_status":"closed","ping_status":"closed","sticky":false,"template":"","format":"standard","meta":{"_jetpack_memberships_contains_paid_content":false,"footnotes":""},"categories":[30,955],"tags":[1346,536],"class_list":{"0":"post-12951","1":"post","2":"type-post","3":"status-publish","4":"format-standard","5":"has-post-thumbnail","7":"category-comunicati-stampa","8":"category-monia-monni","9":"tag-mafie","10":"tag-scandicci","11":"czr-hentry"},"jetpack_featured_media_url":"https:\/\/www.gruppopdregionetoscana.it\/web\/wp-content\/uploads\/2016\/05\/confiscati_bene_low.jpg","jetpack_sharing_enabled":true,"_links":{"self":[{"href":"https:\/\/www.gruppopdregionetoscana.it\/web\/wp-json\/wp\/v2\/posts\/12951","targetHints":{"allow":["GET"]}}],"collection":[{"href":"https:\/\/www.gruppopdregionetoscana.it\/web\/wp-json\/wp\/v2\/posts"}],"about":[{"href":"https:\/\/www.gruppopdregionetoscana.it\/web\/wp-json\/wp\/v2\/types\/post"}],"author":[{"embeddable":true,"href":"https:\/\/www.gruppopdregionetoscana.it\/web\/wp-json\/wp\/v2\/users\/1"}],"replies":[{"embeddable":true,"href":"https:\/\/www.gruppopdregionetoscana.it\/web\/wp-json\/wp\/v2\/comments?post=12951"}],"version-history":[{"count":0,"href":"https:\/\/www.gruppopdregionetoscana.it\/web\/wp-json\/wp\/v2\/posts\/12951\/revisions"}],"wp:featuredmedia":[{"embeddable":true,"href":"https:\/\/www.gruppopdregionetoscana.it\/web\/wp-json\/wp\/v2\/media\/12952"}],"wp:attachment":[{"href":"https:\/\/www.gruppopdregionetoscana.it\/web\/wp-json\/wp\/v2\/media?parent=12951"}],"wp:term":[{"taxonomy":"category","embeddable":true,"href":"https:\/\/www.gruppopdregionetoscana.it\/web\/wp-json\/wp\/v2\/categories?post=12951"},{"taxonomy":"post_tag","embeddable":true,"href":"https:\/\/www.gruppopdregionetoscana.it\/web\/wp-json\/wp\/v2\/tags?post=12951"}],"curies":[{"name":"wp","href":"https:\/\/api.w.org\/{rel}","templated":true}]}}