{"id":12964,"date":"2016-05-18T16:32:03","date_gmt":"2016-05-18T14:32:03","guid":{"rendered":"http:\/\/www.gruppopdregionetoscana.it\/web\/?p=12964"},"modified":"2016-05-18T16:32:17","modified_gmt":"2016-05-18T14:32:17","slug":"accordo-regione-mibact-35-milioni-di-euro-per-antichita-etrusche-e-romane-ce-anche-volterra-pieroni-e-nardini-pd-scelta-importante-cogliamola-al-volo-cultura-puo-creare-svil","status":"publish","type":"post","link":"https:\/\/www.gruppopdregionetoscana.it\/web\/accordo-regione-mibact-35-milioni-di-euro-per-antichita-etrusche-e-romane-ce-anche-volterra-pieroni-e-nardini-pd-scelta-importante-cogliamola-al-volo-cultura-puo-creare-svil\/","title":{"rendered":"Accordo Regione Mibact: 3,5 milioni di euro per antichit\u00e0 etrusche e romane, c\u2019\u00e8 anche Volterra  Pieroni e Nardini (Pd): \u201cScelta importante, cogliamola al volo. Cultura pu\u00f2 creare sviluppo\u201d"},"content":{"rendered":"<p><em><img loading=\"lazy\" decoding=\"async\" class=\"alignleft size-medium wp-image-12965\" src=\"http:\/\/www.gruppopdregionetoscana.it\/web\/wp-content\/uploads\/2016\/05\/Volterra-300x160.jpg\" alt=\"Volterra\" width=\"300\" height=\"160\" srcset=\"https:\/\/www.gruppopdregionetoscana.it\/web\/wp-content\/uploads\/2016\/05\/Volterra-300x160.jpg 300w, https:\/\/www.gruppopdregionetoscana.it\/web\/wp-content\/uploads\/2016\/05\/Volterra.jpg 800w\" sizes=\"auto, (max-width: 300px) 100vw, 300px\" \/><\/em><em>L\u2019accordo siglato ieri tra Regione Toscana e Ministero dei Beni culturali prevede, oltre ai 5 milioni per il completamento del Museo delle navi di Pisa, anche la destinazione di <strong>3,5 milioni di\u00a0 fondi Por Fesr alle antichit\u00e0 etrusche e romane, tra queste rientra\u00a0 anche\u00a0 Volterra<\/strong><\/em><\/p>\n<p><strong><em>\u00a0<\/em><\/strong><em>\u00a0<\/em><\/p>\n<p>\u201cUna buona notizia e una scelta significativa per il patrimonio culturale di Volterra. Nell\u2019accordo siglato ieri tra Regione Toscana e Mibact per la valorizzazione e promozione dei beni culturali, \u00e8 prevista anche una linea di finanziamento di 3,5 per le antichit\u00e0 etrusche e romane tra le quali rientra, insieme ai siti di Cortona, Baratti e Populonia, anche Volterra. Non possiamo che esprimere soddisfazione per l\u2019impegno che Regione e Governo stanno mettendo in campo al fine di valorizzare i beni culturali e artistici del nostro territorio, ricordiamo anche i 5 milioni gi\u00e0 previsti dall\u2019Accordo per il completamento del Museo delle Navi di Pisa. Le risorse che la Regione Toscana ha scelto di destinare attraverso il Por Fesr ai siti segnati da vestigia etrusche e romane, dovranno essere integrate, per 1,5 mln di euro, dai soggetti coinvolti nel territorio e sostenute da progetti specifici, cos\u00ec come prevede la normativa in tema di fondi europei. Dunque, adesso tocca al Comune di Volterra saper cogliere e finalizzare al meglio tale opportunit\u00e0. Un\u2019occasione che pu\u00f2 trasformarsi in motore di sviluppo, creare occupazione nuova e di qualit\u00e0. La Val di Cecina sta attraversando un momento di grande difficolt\u00e0 economica, causate da profonde crisi aziendali, la cultura pu\u00f2 diventare una delle armi di riscatto. Le potenzialit\u00e0 del nostro territorio sono tante, le scelte di Governo e Regione vanno in questa direzione, ora tocca agli attori del territorio metterle a frutto\u201d.<\/p>\n<p>&nbsp;<\/p>\n<p>Cos\u00ec <strong>Andrea Pieroni<\/strong> e <strong>Alessandra Nardini<\/strong>, consiglieri regionali Pd, commentano lo stanziamento di 3,5 milioni di euro dei fondi Por Fesr per antichit\u00e0 etrusche e romane nei siti di Volterra, Cortona, Baratti e Populonia, previsti nell\u2019intesa tra Regione e Ministero sui beni culturali firmata ieri.<\/p>\n","protected":false},"excerpt":{"rendered":"<p>L\u2019accordo siglato ieri tra Regione Toscana e Ministero dei Beni culturali prevede, oltre ai 5 milioni per il completamento del Museo delle navi di Pisa, anche la destinazione di 3,5 milioni di\u00a0 fondi Por Fesr alle antichit\u00e0 etrusche e romane, tra queste rientra\u00a0 anche\u00a0 Volterra \u00a0\u00a0 \u201cUna buona notizia e una scelta significativa per il [&hellip;]<\/p>\n","protected":false},"author":1,"featured_media":12965,"comment_status":"closed","ping_status":"closed","sticky":false,"template":"","format":"standard","meta":{"_jetpack_memberships_contains_paid_content":false,"footnotes":""},"categories":[968,970,30],"tags":[],"class_list":{"0":"post-12964","1":"post","2":"type-post","3":"status-publish","4":"format-standard","5":"has-post-thumbnail","7":"category-alessandra-nardini","8":"category-andrea-pieroni","9":"category-comunicati-stampa","10":"czr-hentry"},"jetpack_featured_media_url":"https:\/\/www.gruppopdregionetoscana.it\/web\/wp-content\/uploads\/2016\/05\/Volterra.jpg","jetpack_sharing_enabled":true,"_links":{"self":[{"href":"https:\/\/www.gruppopdregionetoscana.it\/web\/wp-json\/wp\/v2\/posts\/12964","targetHints":{"allow":["GET"]}}],"collection":[{"href":"https:\/\/www.gruppopdregionetoscana.it\/web\/wp-json\/wp\/v2\/posts"}],"about":[{"href":"https:\/\/www.gruppopdregionetoscana.it\/web\/wp-json\/wp\/v2\/types\/post"}],"author":[{"embeddable":true,"href":"https:\/\/www.gruppopdregionetoscana.it\/web\/wp-json\/wp\/v2\/users\/1"}],"replies":[{"embeddable":true,"href":"https:\/\/www.gruppopdregionetoscana.it\/web\/wp-json\/wp\/v2\/comments?post=12964"}],"version-history":[{"count":0,"href":"https:\/\/www.gruppopdregionetoscana.it\/web\/wp-json\/wp\/v2\/posts\/12964\/revisions"}],"wp:featuredmedia":[{"embeddable":true,"href":"https:\/\/www.gruppopdregionetoscana.it\/web\/wp-json\/wp\/v2\/media\/12965"}],"wp:attachment":[{"href":"https:\/\/www.gruppopdregionetoscana.it\/web\/wp-json\/wp\/v2\/media?parent=12964"}],"wp:term":[{"taxonomy":"category","embeddable":true,"href":"https:\/\/www.gruppopdregionetoscana.it\/web\/wp-json\/wp\/v2\/categories?post=12964"},{"taxonomy":"post_tag","embeddable":true,"href":"https:\/\/www.gruppopdregionetoscana.it\/web\/wp-json\/wp\/v2\/tags?post=12964"}],"curies":[{"name":"wp","href":"https:\/\/api.w.org\/{rel}","templated":true}]}}