{"id":12985,"date":"2016-05-19T14:21:11","date_gmt":"2016-05-19T12:21:11","guid":{"rendered":"http:\/\/www.gruppopdregionetoscana.it\/web\/?p=12985"},"modified":"2016-05-19T14:21:11","modified_gmt":"2016-05-19T12:21:11","slug":"teatro-le-buone-pratiche-forum-a-siena-bugetti-la-regione-puo-dare-ancora-tanto-per-il-futuro-del-settore","status":"publish","type":"post","link":"https:\/\/www.gruppopdregionetoscana.it\/web\/teatro-le-buone-pratiche-forum-a-siena-bugetti-la-regione-puo-dare-ancora-tanto-per-il-futuro-del-settore\/","title":{"rendered":"Teatro, Le buone pratiche, Forum a Siena. Bugetti: \u201cLa Regione pu\u00f2 dare ancora tanto per il futuro del settore\u201d"},"content":{"rendered":"<p><em><strong>La vicepresidente della commissione cultura del Consiglio regionale \u00e8 intervenuta questa mattina all\u2019appuntamento promosso dalla Fondazione Toscana Spettacolo<\/strong><\/em><\/p>\n<p><img loading=\"lazy\" decoding=\"async\" class=\"alignleft size-full wp-image-12986\" src=\"http:\/\/www.gruppopdregionetoscana.it\/web\/wp-content\/uploads\/2016\/05\/bugettiSiena.jpg\" alt=\"bugettiSiena\" width=\"611\" height=\"467\" srcset=\"https:\/\/www.gruppopdregionetoscana.it\/web\/wp-content\/uploads\/2016\/05\/bugettiSiena.jpg 611w, https:\/\/www.gruppopdregionetoscana.it\/web\/wp-content\/uploads\/2016\/05\/bugettiSiena-300x229.jpg 300w\" sizes=\"auto, (max-width: 611px) 100vw, 611px\" \/>\u00abCon la cultura si mangia, eccome\u2026 Viviamo un passaggio particolarmente delicato, ed il mondo del teatro e della cultura guarda a noi con attenzione e aspettative. Dopo quasi due anni dalla sperimentazione avviata col Decreto sul sistema teatrale, \u00e8 stato giusto e molto opportuno fare una nuova riflessione qui in Toscana, per comprendere le modificazioni della realt\u00e0 produttiva, organizzativa, del sistema di distribuzione per capire quali passi avanti possiamo e dobbiamo fare. Il ruolo della Regione nella nuova legge nazionale \u00e8 centrale, ne sentiamo grande necessit\u00e0, non possiamo pi\u00f9 andare avanti a decreti. La Regione pu\u00f2 dare un contributo considerevole, anche perch\u00e9 qui sono presenti esperienze di grande eccellenza, a partire proprio dalla rete Toscana Spettacolo. Occorre, prioritariamente, che gli sforzi, da parte nostra, siano diretti nell\u2019individuazione di nuove risorse da indirizzare verso questa ricchezza culturale. Bisogna pensare anche ai piccoli numeri. I grandi teatri devono trascinare ed entrare in rete con i piccoli. Un piccolo teatro in un comune \u00e8 civilt\u00e0, welfare, lavoro, crescita e cultura. Non sar\u00e0 facile vincere questa sfida, ma \u00e8 necessario farcela, perch\u00e9 con il teatro, parte cos\u00ec rilevante della nostra cultura, si pu\u00f2 dare anche lavoro e futuro a tante persone\u00bb.<\/p>\n<p>Lo ha detto <strong>Ilaria Bugetti<\/strong> (Pd), vicepresidente della commissione cultura del Consiglio regionale, intervenendo questa mattina a Siena al Forum \u201cLe buone pratiche del teatro in Toscana\u201d, promosso dalla Fondazione Toscana Spettacolo.<\/p>\n","protected":false},"excerpt":{"rendered":"<p>La vicepresidente della commissione cultura del Consiglio regionale \u00e8 intervenuta questa mattina all\u2019appuntamento promosso dalla Fondazione Toscana Spettacolo \u00abCon la cultura si mangia, eccome\u2026 Viviamo un passaggio particolarmente delicato, ed il mondo del teatro e della cultura guarda a noi con attenzione e aspettative. Dopo quasi due anni dalla sperimentazione avviata col Decreto sul sistema [&hellip;]<\/p>\n","protected":false},"author":1,"featured_media":12987,"comment_status":"closed","ping_status":"closed","sticky":false,"template":"","format":"standard","meta":{"_jetpack_memberships_contains_paid_content":false,"footnotes":""},"categories":[30,960],"tags":[535,534],"class_list":{"0":"post-12985","1":"post","2":"type-post","3":"status-publish","4":"format-standard","5":"has-post-thumbnail","7":"category-comunicati-stampa","8":"category-ilaria-bugetti","9":"tag-cultura","10":"tag-teatro","11":"czr-hentry"},"jetpack_featured_media_url":"https:\/\/www.gruppopdregionetoscana.it\/web\/wp-content\/uploads\/2016\/05\/Teatro.jpg","jetpack_sharing_enabled":true,"_links":{"self":[{"href":"https:\/\/www.gruppopdregionetoscana.it\/web\/wp-json\/wp\/v2\/posts\/12985","targetHints":{"allow":["GET"]}}],"collection":[{"href":"https:\/\/www.gruppopdregionetoscana.it\/web\/wp-json\/wp\/v2\/posts"}],"about":[{"href":"https:\/\/www.gruppopdregionetoscana.it\/web\/wp-json\/wp\/v2\/types\/post"}],"author":[{"embeddable":true,"href":"https:\/\/www.gruppopdregionetoscana.it\/web\/wp-json\/wp\/v2\/users\/1"}],"replies":[{"embeddable":true,"href":"https:\/\/www.gruppopdregionetoscana.it\/web\/wp-json\/wp\/v2\/comments?post=12985"}],"version-history":[{"count":0,"href":"https:\/\/www.gruppopdregionetoscana.it\/web\/wp-json\/wp\/v2\/posts\/12985\/revisions"}],"wp:featuredmedia":[{"embeddable":true,"href":"https:\/\/www.gruppopdregionetoscana.it\/web\/wp-json\/wp\/v2\/media\/12987"}],"wp:attachment":[{"href":"https:\/\/www.gruppopdregionetoscana.it\/web\/wp-json\/wp\/v2\/media?parent=12985"}],"wp:term":[{"taxonomy":"category","embeddable":true,"href":"https:\/\/www.gruppopdregionetoscana.it\/web\/wp-json\/wp\/v2\/categories?post=12985"},{"taxonomy":"post_tag","embeddable":true,"href":"https:\/\/www.gruppopdregionetoscana.it\/web\/wp-json\/wp\/v2\/tags?post=12985"}],"curies":[{"name":"wp","href":"https:\/\/api.w.org\/{rel}","templated":true}]}}