{"id":13000,"date":"2016-05-19T15:21:59","date_gmt":"2016-05-19T13:21:59","guid":{"rendered":"http:\/\/www.gruppopdregionetoscana.it\/web\/?p=13000"},"modified":"2016-05-19T15:21:59","modified_gmt":"2016-05-19T13:21:59","slug":"aria-nella-piana-fiorentina-monni-e-meucci-pd-proseguire-nello-studio-e-nel-monitoraggio-riattivare-le-centraline-e-verificare-gli-impianti-di-combustione-a-biomasse","status":"publish","type":"post","link":"https:\/\/www.gruppopdregionetoscana.it\/web\/aria-nella-piana-fiorentina-monni-e-meucci-pd-proseguire-nello-studio-e-nel-monitoraggio-riattivare-le-centraline-e-verificare-gli-impianti-di-combustione-a-biomasse\/","title":{"rendered":"Aria nella Piana fiorentina, Monni\u00a0 e Meucci (PD): \u201cProseguire nello studio e nel monitoraggio. Riattivare le centraline e verificare gli impianti di combustione\u00a0 a biomasse\u201d"},"content":{"rendered":"<p><strong><em><img loading=\"lazy\" decoding=\"async\" class=\"alignleft  wp-image-13001\" src=\"http:\/\/www.gruppopdregionetoscana.it\/web\/wp-content\/uploads\/2016\/05\/0113.jpg\" alt=\"0113\" width=\"379\" height=\"333\" srcset=\"https:\/\/www.gruppopdregionetoscana.it\/web\/wp-content\/uploads\/2016\/05\/0113.jpg 600w, https:\/\/www.gruppopdregionetoscana.it\/web\/wp-content\/uploads\/2016\/05\/0113-300x264.jpg 300w\" sizes=\"auto, (max-width: 379px) 100vw, 379px\" \/>Via libera del Consiglio alla mozione delle consigliere.<\/em><\/strong><\/p>\n<p>Riattivare le centraline per il controllo della qualit\u00e0 dell\u2019aria di Sesto Fiorentino e Campi Bisenzio e avviare le verifiche sugli impianti di combustioni a biomasse.<\/p>\n<p>E\u2019 quanto chiedono per la Piana fiorentina la <strong>vice capogruppo Monia Monni e la consigliera Elisabetta Meucci<\/strong>\u00a0 che sul tema ieri hanno presentato una mozione poi approvata dal Consiglio regionale.<\/p>\n<p>\u201cGli studi effettuati dal 2003 sino ad\u00a0oggi \u2013 affermano <strong>Monia Monni<\/strong> ed <strong>Elisabetta Meucci<\/strong> &#8211; confermano quello che diciamo da tempo e cio\u00e8 che la qualit\u00e0 dell\u2019aria nella Piana fiorentina risulta essere assolutamente nella media. Dobbiamo, per\u00f2, far s\u00ec che si prosegua nello studio e nel monitoraggio degli inquinanti estendendo le analisi anche al particolato pi\u00f9 sottile ed affidando questo lavoro ad ARPAT, autorit\u00e0 terza ed indipendente, in grado, quindi, di fornire una base scientifica incontrovertibile. Senza dimenticare l\u2019importanza dell\u2019avvio di un controllo sugli impianti di combustioni a biomassa che, come dimostrato dai molteplici studi effettuati, incidono in modo rilevante sull&#8217;inquinamento atmosferico\u201d.<\/p>\n<p>\u201cSiamo perci\u00f2 soddisfatte &#8211; affermano in conclusione <strong>Monni <\/strong>e <strong>Meucci<\/strong> &#8211; per l\u2019approvazione della mozione che avevamo presentato un mese fa. Riteniamo, come detto, di centrale importanza la prosecuzione del monitoraggio della qualit\u00e0 dell\u2019aria, anche alla luce degli importanti interventi infrastrutturali che investiranno il territorio, per conoscere lo stato di fatto e l\u2019impatto che queste opere avranno nell&#8217;area interessata\u201d.<\/p>\n","protected":false},"excerpt":{"rendered":"<p>Via libera del Consiglio alla mozione delle consigliere. Riattivare le centraline per il controllo della qualit\u00e0 dell\u2019aria di Sesto Fiorentino e Campi Bisenzio e avviare le verifiche sugli impianti di combustioni a biomasse. E\u2019 quanto chiedono per la Piana fiorentina la vice capogruppo Monia Monni e la consigliera Elisabetta Meucci\u00a0 che sul tema ieri hanno [&hellip;]<\/p>\n","protected":false},"author":1,"featured_media":13001,"comment_status":"closed","ping_status":"closed","sticky":false,"template":"","format":"standard","meta":{"_jetpack_memberships_contains_paid_content":false,"footnotes":""},"categories":[30,967,955],"tags":[1353,815,1189,1354],"class_list":{"0":"post-13000","1":"post","2":"type-post","3":"status-publish","4":"format-standard","5":"has-post-thumbnail","7":"category-comunicati-stampa","8":"category-elisabetta-meucci","9":"category-monia-monni","10":"tag-aria","11":"tag-arpat","12":"tag-piana","13":"tag-qualita","14":"czr-hentry"},"jetpack_featured_media_url":"https:\/\/www.gruppopdregionetoscana.it\/web\/wp-content\/uploads\/2016\/05\/0113.jpg","jetpack_sharing_enabled":true,"_links":{"self":[{"href":"https:\/\/www.gruppopdregionetoscana.it\/web\/wp-json\/wp\/v2\/posts\/13000","targetHints":{"allow":["GET"]}}],"collection":[{"href":"https:\/\/www.gruppopdregionetoscana.it\/web\/wp-json\/wp\/v2\/posts"}],"about":[{"href":"https:\/\/www.gruppopdregionetoscana.it\/web\/wp-json\/wp\/v2\/types\/post"}],"author":[{"embeddable":true,"href":"https:\/\/www.gruppopdregionetoscana.it\/web\/wp-json\/wp\/v2\/users\/1"}],"replies":[{"embeddable":true,"href":"https:\/\/www.gruppopdregionetoscana.it\/web\/wp-json\/wp\/v2\/comments?post=13000"}],"version-history":[{"count":0,"href":"https:\/\/www.gruppopdregionetoscana.it\/web\/wp-json\/wp\/v2\/posts\/13000\/revisions"}],"wp:featuredmedia":[{"embeddable":true,"href":"https:\/\/www.gruppopdregionetoscana.it\/web\/wp-json\/wp\/v2\/media\/13001"}],"wp:attachment":[{"href":"https:\/\/www.gruppopdregionetoscana.it\/web\/wp-json\/wp\/v2\/media?parent=13000"}],"wp:term":[{"taxonomy":"category","embeddable":true,"href":"https:\/\/www.gruppopdregionetoscana.it\/web\/wp-json\/wp\/v2\/categories?post=13000"},{"taxonomy":"post_tag","embeddable":true,"href":"https:\/\/www.gruppopdregionetoscana.it\/web\/wp-json\/wp\/v2\/tags?post=13000"}],"curies":[{"name":"wp","href":"https:\/\/api.w.org\/{rel}","templated":true}]}}