{"id":13003,"date":"2016-05-19T15:38:31","date_gmt":"2016-05-19T13:38:31","guid":{"rendered":"http:\/\/www.gruppopdregionetoscana.it\/web\/?p=13003"},"modified":"2016-05-19T15:38:31","modified_gmt":"2016-05-19T13:38:31","slug":"compagnia-della-fortezza-mazzeo-pieroni-e-nardini-pd-presidio-culturale-che-merita-sostegno-e-certezze","status":"publish","type":"post","link":"https:\/\/www.gruppopdregionetoscana.it\/web\/compagnia-della-fortezza-mazzeo-pieroni-e-nardini-pd-presidio-culturale-che-merita-sostegno-e-certezze\/","title":{"rendered":"Compagnia della Fortezza, Mazzeo, Pieroni e Nardini (Pd):\u00a0\u201cPresidio culturale che merita sostegno e certezze\u201d"},"content":{"rendered":"<p><img loading=\"lazy\" decoding=\"async\" class=\"alignleft  wp-image-11662\" src=\"http:\/\/www.gruppopdregionetoscana.it\/web\/wp-content\/uploads\/2015\/12\/compagnia-fortezza.jpg\" alt=\"compagnia fortezza\" width=\"410\" height=\"255\" srcset=\"https:\/\/www.gruppopdregionetoscana.it\/web\/wp-content\/uploads\/2015\/12\/compagnia-fortezza.jpg 530w, https:\/\/www.gruppopdregionetoscana.it\/web\/wp-content\/uploads\/2015\/12\/compagnia-fortezza-300x187.jpg 300w\" sizes=\"auto, (max-width: 410px) 100vw, 410px\" \/>Approvata all\u2019unanimit\u00e0 questa mattina in Commissione sviluppo economico, istruzione e cultura la mozione <em>\u201cIn merito al sostegno della Compagnia della Fortezza come centro stabile di studio, formazione e promozione teatrale e culturale all\u2019interno del Carcere di Volterra\u201d.<\/em><em>\u00a0<\/em><\/p>\n<p>\u201cLa compagnia della Fortezza \u00e8 una realt\u00e0 preziosissima per il nostro territorio, per il nostro tessuto sociale e culturale. Una realt\u00e0 nata dentro al carcere di Volterra che dopo aver trasformato il penitenziario in un modello \u00e8 diventata presidio culturale per tutto il territorio. Chiediamo alla Regione Toscana di continuare a\u00a0 sostenerla e promuoverla. E di farlo attraverso interventi precisi: riconoscendone le peculiarit\u00e0 nella programmazione regionale per le attivit\u00e0 teatrali; con nuove forme di sinergia con Ministero dei Beni Culturali e attivandosi presso il Ministero della Giustizia per dotare il carcere di Volterra di una struttura teatrale adeguata al potenziale della compagnia, anche nell&#8217;ottica di una crescente apertura al pubblico, alle attivit\u00e0 formative.\u201d \u00c8 quanto chiedono <strong>Antonio Mazzeo, Alessandra Nardini e Andrea Pieroni<\/strong> consiglieri regionali Pd, attraverso una mozione approvata oggi all\u2019unanimit\u00e0 dalla Commissione sviluppo economico, cultura e istruzione del Consiglio regionale.<\/p>\n<p>\u201cL\u2019obiettivo \u00e8 quello di fare dell&#8217;esperienza della compagnia un modello da diffondere in altre strutture carcerarie \u2013 continuano <strong>Mazzeo, Nardini e Pieroni<\/strong> \u2013 l\u2019esportazione del Modello Fortezza potrebbe dare il via alla costituzione di un Centro Regionale Stabile di produzione culturale e di formazione permanente per i mestieri teatrali, in grado di diventare un punto di riferimento anche a livello nazionale e internazionale. La compagnia in oltre 30 anni di attivit\u00e0 ha gestito e gestisce rassegne, manifestazioni culturali e convegni, come il Festival Volterra Teatro, ottenendo riconoscimenti di pubblico e di critica: sei premi UBU e un attore premiato, Aniello Arena, in campo cinematografico con il Nastro d&#8217;Argento per il film Reality di Matteo Garrone. La Regione Toscana \u00e8 sempre stata il suo principale riferimento istituzionale, risultando determinante per la ristrutturazione del Teatro di San Pietro. Continuiamo e rafforziamo il percorso intrapreso\u00a0 questi anni; una realt\u00e0 ricca di energie come questa merita di andare avanti con maggiori certezze\u201d.<\/p>\n<p>&nbsp;<\/p>\n","protected":false},"excerpt":{"rendered":"<p>Approvata all\u2019unanimit\u00e0 questa mattina in Commissione sviluppo economico, istruzione e cultura la mozione \u201cIn merito al sostegno della Compagnia della Fortezza come centro stabile di studio, formazione e promozione teatrale e culturale all\u2019interno del Carcere di Volterra\u201d.\u00a0 \u201cLa compagnia della Fortezza \u00e8 una realt\u00e0 preziosissima per il nostro territorio, per il nostro tessuto sociale e [&hellip;]<\/p>\n","protected":false},"author":1,"featured_media":11662,"comment_status":"closed","ping_status":"closed","sticky":false,"template":"","format":"standard","meta":{"_jetpack_memberships_contains_paid_content":false,"footnotes":""},"categories":[968,970,966,30],"tags":[184,1355,534,1356],"class_list":{"0":"post-13003","1":"post","2":"type-post","3":"status-publish","4":"format-standard","5":"has-post-thumbnail","7":"category-alessandra-nardini","8":"category-andrea-pieroni","9":"category-antonio-mazzeo","10":"category-comunicati-stampa","11":"tag-carcere","12":"tag-compagnia-fortezza","13":"tag-teatro","14":"tag-volterrra","15":"czr-hentry"},"jetpack_featured_media_url":"https:\/\/www.gruppopdregionetoscana.it\/web\/wp-content\/uploads\/2015\/12\/compagnia-fortezza.jpg","jetpack_sharing_enabled":true,"_links":{"self":[{"href":"https:\/\/www.gruppopdregionetoscana.it\/web\/wp-json\/wp\/v2\/posts\/13003","targetHints":{"allow":["GET"]}}],"collection":[{"href":"https:\/\/www.gruppopdregionetoscana.it\/web\/wp-json\/wp\/v2\/posts"}],"about":[{"href":"https:\/\/www.gruppopdregionetoscana.it\/web\/wp-json\/wp\/v2\/types\/post"}],"author":[{"embeddable":true,"href":"https:\/\/www.gruppopdregionetoscana.it\/web\/wp-json\/wp\/v2\/users\/1"}],"replies":[{"embeddable":true,"href":"https:\/\/www.gruppopdregionetoscana.it\/web\/wp-json\/wp\/v2\/comments?post=13003"}],"version-history":[{"count":0,"href":"https:\/\/www.gruppopdregionetoscana.it\/web\/wp-json\/wp\/v2\/posts\/13003\/revisions"}],"wp:featuredmedia":[{"embeddable":true,"href":"https:\/\/www.gruppopdregionetoscana.it\/web\/wp-json\/wp\/v2\/media\/11662"}],"wp:attachment":[{"href":"https:\/\/www.gruppopdregionetoscana.it\/web\/wp-json\/wp\/v2\/media?parent=13003"}],"wp:term":[{"taxonomy":"category","embeddable":true,"href":"https:\/\/www.gruppopdregionetoscana.it\/web\/wp-json\/wp\/v2\/categories?post=13003"},{"taxonomy":"post_tag","embeddable":true,"href":"https:\/\/www.gruppopdregionetoscana.it\/web\/wp-json\/wp\/v2\/tags?post=13003"}],"curies":[{"name":"wp","href":"https:\/\/api.w.org\/{rel}","templated":true}]}}