{"id":13007,"date":"2016-05-20T17:24:21","date_gmt":"2016-05-20T15:24:21","guid":{"rendered":"http:\/\/www.gruppopdregionetoscana.it\/web\/?p=13007"},"modified":"2016-05-20T17:24:21","modified_gmt":"2016-05-20T15:24:21","slug":"carceri-monni-nardini-vadi-e-gazzetti-pd-visitano-la-sezione-femminile-di-sollicciano-i-segnali-di-impegno-concreto-ci-sono-ma-ce-ancora-da-fare-torneremo","status":"publish","type":"post","link":"https:\/\/www.gruppopdregionetoscana.it\/web\/carceri-monni-nardini-vadi-e-gazzetti-pd-visitano-la-sezione-femminile-di-sollicciano-i-segnali-di-impegno-concreto-ci-sono-ma-ce-ancora-da-fare-torneremo\/","title":{"rendered":"Carceri, Monni, Nardini, Vadi e Gazzetti (Pd) visitano la sezione femminile di Sollicciano: \u201cI segnali di impegno concreto ci sono ma c\u2019\u00e8 ancora da fare. Torneremo\u201d"},"content":{"rendered":"<p><i><span style=\"color: #000000; font-family: Calibri;\">\u201cIl reinserimento \u00a0nella societ\u00e0 \u00e8 una priorit\u00e0 sulla quale lavoreremo\u201d<\/span><\/i><\/p>\n<p><i><span style=\"color: #000000; font-family: Calibri;\">\u00a0<\/span><\/i><span style=\"font-family: Calibri;\"><span style=\"color: #000000;\">E\u2019 dedicata alla donne detenute la prima visita in carcere delle consigliere del Pd di questa legislatura. \u201cLa realt\u00e0 penitenziaria \u00a0fa parte delle citt\u00e0. Ci \u00a0vivono e lavorano\u00a0 tante donne e uomini e abbiamo il dovere di seguire con attenzione ci\u00f2 che accade al suo interno. Con particolare attenzione alla condizione femminile.\u00a0 Quella di oggi \u00e8 solo una prima visita. Ne seguiranno altre in cui approfondiremo\u00a0 via via i vari temi.\u00a0 Cominciando anche dal lavoro fuori dal carcere, oltre che dal monitoraggio delle condizioni igienico sanitarie e strutturali. Gi\u00e0 primi passi concreti sono stati fatti: sono cominciati i lavori di ristrutturazione di quella che era la ex casa di cura e custodia, effettuata anche la derattizzazione\u00a0 e buone notizie anche per la doccia e l\u2019acqua calda finalmente in arrivo nelle celle. E le persone con forti disagi psichici avranno una sezione ad hoc in cui saranno seguite con maggiore cura ed attenzione\u201d\u00a0 Lo\u00a0 raccontano <b>le consigliere del Pd Monia Monni, Alessandra Nardini , Valentina Vadi\u00a0 e il consigliere Francesco Gazzetti <\/b><\/span><span style=\"color: #000000;\">appena usciti dalla sezione femminile del penitenziario di Sollicciano dove hanno incontrato anche la direttrice del carcere Marta Costantino. La visita rientra nel progetto \u201cIl Posto delle Donne\u201d, promossa dal gruppo consigliare del Pd in occasione del 70\u00b0 anniversario del voto alle donne.\u00a0 Le detenute sono circa 75. Il 70 per cento sono straniere, vengono dalla Bulgaria, Romania, Ucraina, Marocco\u00a0 e hanno alle spalle situazioni di forte disagio sociale, tanti i casi di disperazione e solitudine. In due vivono qui con il loro bambino.\u00a0 \u201cSiamo rimaste soddisfatte dell\u2019operativit\u00e0\u00a0 e delle concretezza della dottoressa Costantino \u2013 <\/span><b><span style=\"color: #000000;\">hanno aggiunto Monni, Nardini, Vadi e Gazzetti-<\/span><\/b><span style=\"color: #000000;\"> , proprio anche rispetto ai singoli casi. Abbiamo capito che le persone non sono un numero, ma ognuna di esse \u00e8 una storia precisa e questo ci ha fatto molto piacere perch\u00e9 \u00e8 quello che vogliamo. Lavoreremo in contatto con l\u2019assessore Saccardi, con cui la direttrice sta gi\u00e0 operando proficuamente affinch\u00e9 le condizioni possano migliorare sempre di pi\u00f9 e le cose vengano fatte concretamente e non rimangano solo protocolli sulla carta\u201d. La parte femminile del carcere si disloca in 5 sezioni. All\u2019interno ci sono due aule studio, un cinema chiuso per lavori di ristrutturazione , una palestra, una sala yoga, un laboratorio di sartoria. Dopo la chiusura degli OPG, sono \u00a0molti i casi di persone con disagi psichiatrici gravi che convivono insieme alle altre detenute. Per loro sar\u00e0 ristrutturata (i lavori sono gi\u00e0 in corso) la vecchia sezione Casa di cura e custodia. E questo contribuir\u00e0 a migliorare la situazioni nelle sezioni e\u00a0 a garantire migliori e pi\u00f9 adeguate cure per chi soffre particolarmente. \u201cNonostante le cose stiano senz\u2019altro migliorando \u2013 hanno conclusa le consigliere-. C\u2019\u00e8 da fare ancora tanto per rendere quei locali luoghi idonei\u00a0 e accoglienti per la rieducazione.\u00a0 Serve manutenzione infrastrutturale,\u00a0 migliorare l\u2019aspetto sanitario\u00a0 e fare investimenti su percorsi lavorativi dentro e fuori dalla struttura.\u00a0 E\u2019 necessario un\u2019arma di riscatto sociale, per chi vive qui e per chi uscir\u00e0. La pena deve essere rieducativa e l\u2019inserimento nella societ\u00e0 \u00e8 una priorit\u00e0 a cui non vogliamo rinunciare\u201d. <\/span><\/span><\/p>\n<p>&nbsp;<\/p>\n","protected":false},"excerpt":{"rendered":"<p>\u201cIl reinserimento \u00a0nella societ\u00e0 \u00e8 una priorit\u00e0 sulla quale lavoreremo\u201d \u00a0E\u2019 dedicata alla donne detenute la prima visita in carcere delle consigliere del Pd di questa legislatura. \u201cLa realt\u00e0 penitenziaria \u00a0fa parte delle citt\u00e0. Ci \u00a0vivono e lavorano\u00a0 tante donne e uomini e abbiamo il dovere di seguire con attenzione ci\u00f2 che accade al suo [&hellip;]<\/p>\n","protected":false},"author":1,"featured_media":13008,"comment_status":"closed","ping_status":"closed","sticky":false,"template":"","format":"standard","meta":{"_jetpack_memberships_contains_paid_content":false,"footnotes":""},"categories":[968,30,1002,955,974],"tags":[268,472],"class_list":{"0":"post-13007","1":"post","2":"type-post","3":"status-publish","4":"format-standard","5":"has-post-thumbnail","7":"category-alessandra-nardini","8":"category-comunicati-stampa","9":"category-francesco-gazzetti","10":"category-monia-monni","11":"category-valentina-vadi","12":"tag-carceri","13":"tag-sollicciano","14":"czr-hentry"},"jetpack_featured_media_url":"https:\/\/www.gruppopdregionetoscana.it\/web\/wp-content\/uploads\/2016\/05\/monnivadietc.jpg","jetpack_sharing_enabled":true,"_links":{"self":[{"href":"https:\/\/www.gruppopdregionetoscana.it\/web\/wp-json\/wp\/v2\/posts\/13007","targetHints":{"allow":["GET"]}}],"collection":[{"href":"https:\/\/www.gruppopdregionetoscana.it\/web\/wp-json\/wp\/v2\/posts"}],"about":[{"href":"https:\/\/www.gruppopdregionetoscana.it\/web\/wp-json\/wp\/v2\/types\/post"}],"author":[{"embeddable":true,"href":"https:\/\/www.gruppopdregionetoscana.it\/web\/wp-json\/wp\/v2\/users\/1"}],"replies":[{"embeddable":true,"href":"https:\/\/www.gruppopdregionetoscana.it\/web\/wp-json\/wp\/v2\/comments?post=13007"}],"version-history":[{"count":0,"href":"https:\/\/www.gruppopdregionetoscana.it\/web\/wp-json\/wp\/v2\/posts\/13007\/revisions"}],"wp:featuredmedia":[{"embeddable":true,"href":"https:\/\/www.gruppopdregionetoscana.it\/web\/wp-json\/wp\/v2\/media\/13008"}],"wp:attachment":[{"href":"https:\/\/www.gruppopdregionetoscana.it\/web\/wp-json\/wp\/v2\/media?parent=13007"}],"wp:term":[{"taxonomy":"category","embeddable":true,"href":"https:\/\/www.gruppopdregionetoscana.it\/web\/wp-json\/wp\/v2\/categories?post=13007"},{"taxonomy":"post_tag","embeddable":true,"href":"https:\/\/www.gruppopdregionetoscana.it\/web\/wp-json\/wp\/v2\/tags?post=13007"}],"curies":[{"name":"wp","href":"https:\/\/api.w.org\/{rel}","templated":true}]}}