{"id":13014,"date":"2016-05-23T13:40:23","date_gmt":"2016-05-23T11:40:23","guid":{"rendered":"http:\/\/www.gruppopdregionetoscana.it\/web\/?p=13014"},"modified":"2016-05-23T13:40:31","modified_gmt":"2016-05-23T11:40:31","slug":"sanita-variazione-bilancio-gli-interventi-dei-consiglieri-pd-bugliani-scaramelli-sostegni-e-bambagioni","status":"publish","type":"post","link":"https:\/\/www.gruppopdregionetoscana.it\/web\/sanita-variazione-bilancio-gli-interventi-dei-consiglieri-pd-bugliani-scaramelli-sostegni-e-bambagioni\/","title":{"rendered":"Sanit\u00e0, variazione Bilancio; gli interventi dei consiglieri PD Bugliani, Scaramelli, Sostegni e Bambagioni"},"content":{"rendered":"<p><img loading=\"lazy\" decoding=\"async\" class=\"alignleft size-medium wp-image-10220\" src=\"http:\/\/www.gruppopdregionetoscana.it\/web\/wp-content\/uploads\/2015\/08\/DSC6135-300x200.jpg\" alt=\"_DSC6135\" width=\"300\" height=\"200\" srcset=\"https:\/\/www.gruppopdregionetoscana.it\/web\/wp-content\/uploads\/2015\/08\/DSC6135-300x200.jpg 300w, https:\/\/www.gruppopdregionetoscana.it\/web\/wp-content\/uploads\/2015\/08\/DSC6135-1024x683.jpg 1024w\" sizes=\"auto, (max-width: 300px) 100vw, 300px\" \/>\u00abLa proposta di legge oggi all\u2019ordine del giorno non determina variazioni agli stanziamenti complessivi dell\u2019Entrata e della Spesa, ma soltanto una diversa allocazione di risorse di natura corrente a livello di missioni e programmi di spesa; in particolare, sono stati prelevati circa 40 milioni dai fondi di riserva per sostenere spese sanitarie, con l\u2019obiettivo quindi della tutela della salute dei toscani. Come ha gi\u00e0 rilevato il collegio dei revisori dei conti, si tratta di un\u2019azione meramente compensativa che non va a incidere sugli equilibri al fine del pareggio di bilancio\u00bb.<\/p>\n<p>Lo ha detto, <strong>Giacomo Bugliani<\/strong> (Pd), presidente della commissione bilancio, illustrando in aula la prima variazione di bilancio del Consiglio regionale.<\/p>\n<p>&nbsp;<\/p>\n<p>\u00abLa nostra visione politica \u00e8 chiara: non si lascia indietro nessuno. Se si spendono risorse per i farmaci \u00e8 perch\u00e9 si curano le persone e si offre assistenza universalistica a tutti, come \u00e8 stato dimostrato sui vaccini. Il 2016 sar\u00e0 il banco di prova, ma intanto abbiamo chiuso il 2015 in maniera positiva. Con la riforma a regime, non solo avremo risparmi sulle strutture organizzative che saranno direttamente riversati nella cura e nella prevenzione, ma attueremo anche una redistribuzione netta della spesa, che prima vedeva un forte squilibrio sulla cura, mentre vogliamo, come abbiamo gi\u00e0 cominciato a fare, spostare molto sulla prevenzione, sui bambini, sugli stili di vita, sulla disabilit\u00e0. Noi, su questi contenuti, cio\u00e8 nel merito dei problemi siamo disponibili a discutere e a confrontarci\u00bb.<\/p>\n<p>Ha detto <strong>Stefano Scaramelli <\/strong>(Pd), presidente della commissione sanit\u00e0, intervenendo in aula.<\/p>\n<p>&nbsp;<\/p>\n<p>\u00abLa sanit\u00e0 toscana \u00e8 in salute, tant\u2019\u00e8 che con il fondo sanitario\u00a0finanzia, oltre a tutti i servizi sanitari, anche molti extra Lea e per oltre 80 milioni il fondo\u00a0 per la non autosufficienza.<\/p>\n<p>Sono quindi assurde le polemiche delle opposizioni sul pay back, che \u00e8 un\u2019entrata prevista dalla legge e che spetta alla Regione: strumentalizzazioni finalizzate solo a nascondere il primato della Toscana per esiti e per Lea\u00bb.<\/p>\n<p>Ha puntualizzato <strong>Enrico Sostegni<\/strong> (Pd), componente della commissione sanit\u00e0.<\/p>\n<p>&nbsp;<\/p>\n<p>\u00abIl provvedimento di stamani non \u00e8 da derubricare come un fatto normale o di carattere tecnico. Si tratta di un problema, per molti aspetti anche serio, da affrontare con trasparenza e condivisione, visto che riguarda la gestione delle risorse dedicate a un settore centrale del bilancio e delle politiche regionali, che oltretutto \u00e8 stato appena ridisegnato della riforma sanitaria. E\u2019 chiaro che siamo davanti a un quadro complesso, dove le risorse trasferite dallo Stato alle Regioni per la spesa sanitaria sono sempre minori, mentre sempre maggiori sono le richieste di sanit\u00e0 da parte dei cittadini, sia in termini di cura che di prevenzione. Per questo sapevamo che mantenere i livelli d\u2019eccellenza della sanit\u00e0 toscana, pubblica e universale, sarebbe stata una sfida difficile. Il punto della questione legata al <em>pay back<\/em>, infatti, non riguarda sprechi o inefficienze, ma precise scelte politiche legate all\u2019acquisto di farmaci innovativi e costosi. Se siamo arrivati a dover adottare questa variazione di bilancio, significa che la Regione a fine anno aveva dato fiducia al Governo, e che siamo quindi di fronte a un problema politico. Se il Governo ci d\u00e0 meno risorse, noi che abbiamo la responsabilit\u00e0 di amministrare la Toscana dobbiamo fare la nostra parte, ma anche avere il coraggio di alzare la voce e far valere la nostra buona gestione della sanit\u00e0\u00bb.<\/p>\n<p>Ha detto <strong>Paolo Bambagioni<\/strong> (Pd), vicepresidente della commissione sanit\u00e0.<\/p>\n","protected":false},"excerpt":{"rendered":"<p>\u00abLa proposta di legge oggi all\u2019ordine del giorno non determina variazioni agli stanziamenti complessivi dell\u2019Entrata e della Spesa, ma soltanto una diversa allocazione di risorse di natura corrente a livello di missioni e programmi di spesa; in particolare, sono stati prelevati circa 40 milioni dai fondi di riserva per sostenere spese sanitarie, con l\u2019obiettivo quindi [&hellip;]<\/p>\n","protected":false},"author":1,"featured_media":10220,"comment_status":"closed","ping_status":"closed","sticky":false,"template":"","format":"standard","meta":{"_jetpack_memberships_contains_paid_content":false,"footnotes":""},"categories":[30,972,961,971],"tags":[],"class_list":{"0":"post-13014","1":"post","2":"type-post","3":"status-publish","4":"format-standard","5":"has-post-thumbnail","7":"category-comunicati-stampa","8":"category-enrico-sostegni","9":"category-giacomo-bugliani","10":"category-stefano-scaramelli","11":"czr-hentry"},"jetpack_featured_media_url":"https:\/\/www.gruppopdregionetoscana.it\/web\/wp-content\/uploads\/2015\/08\/DSC6135.jpg","jetpack_sharing_enabled":true,"_links":{"self":[{"href":"https:\/\/www.gruppopdregionetoscana.it\/web\/wp-json\/wp\/v2\/posts\/13014","targetHints":{"allow":["GET"]}}],"collection":[{"href":"https:\/\/www.gruppopdregionetoscana.it\/web\/wp-json\/wp\/v2\/posts"}],"about":[{"href":"https:\/\/www.gruppopdregionetoscana.it\/web\/wp-json\/wp\/v2\/types\/post"}],"author":[{"embeddable":true,"href":"https:\/\/www.gruppopdregionetoscana.it\/web\/wp-json\/wp\/v2\/users\/1"}],"replies":[{"embeddable":true,"href":"https:\/\/www.gruppopdregionetoscana.it\/web\/wp-json\/wp\/v2\/comments?post=13014"}],"version-history":[{"count":0,"href":"https:\/\/www.gruppopdregionetoscana.it\/web\/wp-json\/wp\/v2\/posts\/13014\/revisions"}],"wp:featuredmedia":[{"embeddable":true,"href":"https:\/\/www.gruppopdregionetoscana.it\/web\/wp-json\/wp\/v2\/media\/10220"}],"wp:attachment":[{"href":"https:\/\/www.gruppopdregionetoscana.it\/web\/wp-json\/wp\/v2\/media?parent=13014"}],"wp:term":[{"taxonomy":"category","embeddable":true,"href":"https:\/\/www.gruppopdregionetoscana.it\/web\/wp-json\/wp\/v2\/categories?post=13014"},{"taxonomy":"post_tag","embeddable":true,"href":"https:\/\/www.gruppopdregionetoscana.it\/web\/wp-json\/wp\/v2\/tags?post=13014"}],"curies":[{"name":"wp","href":"https:\/\/api.w.org\/{rel}","templated":true}]}}