{"id":13059,"date":"2016-05-31T15:26:25","date_gmt":"2016-05-31T13:26:25","guid":{"rendered":"http:\/\/www.gruppopdregionetoscana.it\/web\/?p=13059"},"modified":"2016-05-31T15:27:11","modified_gmt":"2016-05-31T13:27:11","slug":"ex-salina-locatelli-investe-12-milioni-mazzeo-nardini-e-pieroni-pd-piano-positivo-con-giusti-ingredienti","status":"publish","type":"post","link":"https:\/\/www.gruppopdregionetoscana.it\/web\/ex-salina-locatelli-investe-12-milioni-mazzeo-nardini-e-pieroni-pd-piano-positivo-con-giusti-ingredienti\/","title":{"rendered":"Ex Salina, Locatelli investe 1,2 milioni, Mazzeo, Nardini e Pieroni (Pd): \u201cPiano positivo con giusti ingredienti\u201d"},"content":{"rendered":"<p><span style=\"font-family: 'Georgia','serif'; font-size: 12pt;\"><span style=\"color: #000000;\">\u201cUn sospiro di sollievo per lo stabilimento di Saline. Scongiurato lo scenario pi\u00f9 buio. Solitamente la notizia della cassa integrazione non \u00e8 buon presagio, ma in questo caso capiamo che \u00e8 in corso una riorganizzazione dell\u2019azienda che \u00e8 pronta a investire 1,2 milioni di euro, cos\u00ec come prevede l\u2019accordo sottoscritto da Regione, sindacati e propriet\u00e0. Un rilancio con buoni ingredienti: investimenti sui macchinari e sulla formazione del personale. Come Regione dovremo verificare da vicino gli interventi. Teniamo in modo particolare a questa vicenda: la Locatelli ha in mano un prodotto di grande qualit\u00e0, il salgemma estratto nel nostro territorio \u00e8 purissimo e pregiato. E\u2019 giusto che lo sviluppo e la crescita del sito produttivo abbiano ricadute importanti e concrete qui. Il progetto va nella stessa direzione che auspicavamo con la mozione approvata all\u2019unanimit\u00e0 poche settimane fa in Consiglio regionale. Chiedevamo alla Giunta un monitoraggio speciale per capire le vere intenzioni dell\u2019azienda. E sottolineavamo la necessit\u00e0 di un piano industriale di rilancio. La Regione aveva messo a punto un percorso di rientro in due anni sui debiti accumulati con i fornitori di energia, Eni ed Enel. \u00c8 positivo che l\u2019azienda si impegni a fornire lo stabilimento di un impianto di cogenerazione e cabine elettriche adeguate che permetteranno un risparmio dei costi energetici, e garantisca corsi di formazione per circa met\u00e0 dei lavoratori. Significa che Locatelli ha in mente un progetto lungimirante, uno sviluppo del sito. Questo piano ha visto la presenza costante e concreta delle istituzioni regionali. Esprimiamo soddisfazione per l\u2019impegno di tutti gli attori in campo. Il lavoro, la produttivit\u00e0 dei nostri territori, resta una grande priorit\u00e0\u201d.<\/span><\/span><\/p>\n<p><span style=\"font-family: 'Georgia','serif'; font-size: 12pt;\"><span style=\"color: #000000;\">Cos\u00ec <b>Antonio Mazzeo, Alessandra Nardini e Andrea Pieroni<\/b><\/span><span style=\"color: #000000;\">, consiglieri regionali Pd commentano l\u2019accordo per la riorganizzazione dell\u2019ex Salina di Volterra. <\/span><\/span><\/p>\n<p><span style=\"color: #000000; font-family: Calibri;\">\u00a0<\/span><\/p>\n<p><span style=\"color: #000000; font-family: Calibri;\">\u00a0<\/span><\/p>\n<p>&nbsp;<\/p>\n","protected":false},"excerpt":{"rendered":"<p>\u201cUn sospiro di sollievo per lo stabilimento di Saline. Scongiurato lo scenario pi\u00f9 buio. Solitamente la notizia della cassa integrazione non \u00e8 buon presagio, ma in questo caso capiamo che \u00e8 in corso una riorganizzazione dell\u2019azienda che \u00e8 pronta a investire 1,2 milioni di euro, cos\u00ec come prevede l\u2019accordo sottoscritto da Regione, sindacati e propriet\u00e0. [&hellip;]<\/p>\n","protected":false},"author":1,"featured_media":13060,"comment_status":"closed","ping_status":"closed","sticky":false,"template":"","format":"standard","meta":{"_jetpack_memberships_contains_paid_content":false,"footnotes":""},"categories":[968,970,966,30],"tags":[],"class_list":{"0":"post-13059","1":"post","2":"type-post","3":"status-publish","4":"format-standard","5":"has-post-thumbnail","7":"category-alessandra-nardini","8":"category-andrea-pieroni","9":"category-antonio-mazzeo","10":"category-comunicati-stampa","11":"czr-hentry"},"jetpack_featured_media_url":"https:\/\/www.gruppopdregionetoscana.it\/web\/wp-content\/uploads\/2016\/05\/mazzeo-nardini-pieroni.jpg","jetpack_sharing_enabled":true,"_links":{"self":[{"href":"https:\/\/www.gruppopdregionetoscana.it\/web\/wp-json\/wp\/v2\/posts\/13059","targetHints":{"allow":["GET"]}}],"collection":[{"href":"https:\/\/www.gruppopdregionetoscana.it\/web\/wp-json\/wp\/v2\/posts"}],"about":[{"href":"https:\/\/www.gruppopdregionetoscana.it\/web\/wp-json\/wp\/v2\/types\/post"}],"author":[{"embeddable":true,"href":"https:\/\/www.gruppopdregionetoscana.it\/web\/wp-json\/wp\/v2\/users\/1"}],"replies":[{"embeddable":true,"href":"https:\/\/www.gruppopdregionetoscana.it\/web\/wp-json\/wp\/v2\/comments?post=13059"}],"version-history":[{"count":0,"href":"https:\/\/www.gruppopdregionetoscana.it\/web\/wp-json\/wp\/v2\/posts\/13059\/revisions"}],"wp:featuredmedia":[{"embeddable":true,"href":"https:\/\/www.gruppopdregionetoscana.it\/web\/wp-json\/wp\/v2\/media\/13060"}],"wp:attachment":[{"href":"https:\/\/www.gruppopdregionetoscana.it\/web\/wp-json\/wp\/v2\/media?parent=13059"}],"wp:term":[{"taxonomy":"category","embeddable":true,"href":"https:\/\/www.gruppopdregionetoscana.it\/web\/wp-json\/wp\/v2\/categories?post=13059"},{"taxonomy":"post_tag","embeddable":true,"href":"https:\/\/www.gruppopdregionetoscana.it\/web\/wp-json\/wp\/v2\/tags?post=13059"}],"curies":[{"name":"wp","href":"https:\/\/api.w.org\/{rel}","templated":true}]}}