{"id":13062,"date":"2016-06-01T11:12:08","date_gmt":"2016-06-01T09:12:08","guid":{"rendered":"http:\/\/www.gruppopdregionetoscana.it\/web\/?p=13062"},"modified":"2016-06-01T11:12:22","modified_gmt":"2016-06-01T09:12:22","slug":"massa-carrara-ecco-dove-vanno-gli-oltre-26-milioni-per-la-difesa-del-suolo-giacomo-bugliani-spiega-il-dettaglio-degli-interventi-zona-per-zona","status":"publish","type":"post","link":"https:\/\/www.gruppopdregionetoscana.it\/web\/massa-carrara-ecco-dove-vanno-gli-oltre-26-milioni-per-la-difesa-del-suolo-giacomo-bugliani-spiega-il-dettaglio-degli-interventi-zona-per-zona\/","title":{"rendered":"Massa Carrara. Ecco dove vanno gli oltre 26 milioni per la difesa del Suolo. Giacomo Bugliani spiega il dettaglio degli interventi"},"content":{"rendered":"<p>FIRENZE 01.06.16 &#8211; \u00abInterventi per oltre 26 milioni e 350mila euro, numeri importanti, lavori che partiranno e si concluderanno, per la maggior parte entro l\u2019anno, 32 interventi su altrettan<img loading=\"lazy\" decoding=\"async\" class=\"alignleft wp-image-10443 size-medium\" src=\"http:\/\/www.gruppopdregionetoscana.it\/web\/wp-content\/uploads\/2015\/09\/bugliani-258x300.jpg\" alt=\"bugliani\" width=\"258\" height=\"300\" srcset=\"https:\/\/www.gruppopdregionetoscana.it\/web\/wp-content\/uploads\/2015\/09\/bugliani-258x300.jpg 258w, https:\/\/www.gruppopdregionetoscana.it\/web\/wp-content\/uploads\/2015\/09\/bugliani.jpg 471w\" sizes=\"auto, (max-width: 258px) 100vw, 258px\" \/>te zone sensibili o bisognose di opere attese o urgenti, un piano che vede la provincia di Massa Carrara seconda nella graduatoria toscana dei finanziamenti. Dietro queste cifre c\u2019\u00e8 sicuramente l\u2019impegno della giunta regionale, dell\u2019assessore Fratoni, che ringrazio, ma c\u2019\u00e8 soprattutto la spinta di un territorio, di sindaci, amministratori locali e cittadini. Una spinta che ho cercato di interpretare e di far pesare a Firenze, coinvolgendo l\u2019assessorato regionale, i tecnici della Regione, tutti coloro che potevano aiutarci a sbloccare una situazione di importanza vitale per le comunit\u00e0 locali. Ora, con la delibera in pubblicazione sul bollettino ufficiale della Regione, possiamo dire che il risultato \u00e8 arrivato e non possiamo che esserne soddisfatti, anche perch\u00e9 alcuni interventi risolvono problemi che attendono risposta da anni\u00bb.<\/p>\n<p>Lo dice <strong>Giacomo Bugliani<\/strong>, consigliere regionale Pd e presidente della I commissione, illustrando il dettaglio degli interventi contenuti nel \u201cDocumento operativo per la difesa del suolo\u201d, approvato dalla giunta regionale due settimane fa.<\/p>\n<p>\u00abParliamo di grosse cifre e di interventi che puntano a mettere in sicurezza zone delicate del nostro territorio \u2013 spiega Bugliani \u2013 Tra questi, spiccano i 2,9 milioni per interventi finalizzati alla riduzione del rischio idraulico dell\u2019abitato di Aulla; i 2,8 milioni per l\u2019intervento di messa in sicurezza idraulica del centro abitato di Aulla e dell&#8217;abitato di Bagni nel comune di Podenzana, alla<\/p>\n<p>confluenza tra il torrente Aulella e il fiume Magra; gli oltre 960mila euro, sempre per il comune di Podenzana, per il consolidamento franoso del versante in localit\u00e0 Fogana; i 775mila euro al comune di Fosdinovo per il consolidamento di un tratto della strada provinciale n. 56; gli oltre 580mila euro per il comune di Licciana Nardi per il consolidamento del movimento franoso sulla strada Braia-Salano. Solo per citare quelli pi\u00f9 cospicui, ma per sottolineare che per questi e altri interventi il documento regionale prevede date di inizio e di fine lavori. Nella delibera, infine, oltre a decine di altri interventi straordinari, c\u2019\u00e8 la conferma del finanziamento dell\u2019accordo di programma del novembre 2015, con oltre 2,7 milioni destinati agli interventi finalizzati alla messa in sicurezza del torrente Carrione a Carrara. Insomma \u2013 conclude Bugliani \u2013 un primo obiettivo \u00e8 stato centrato, il prossimo impegno sar\u00e0 quello di monitorare e vigilare affinch\u00e9 la tabella di marcia dei lavori programmati venga rispettata\u00bb.<\/p>\n<p><strong>\u00a0<\/strong><\/p>\n","protected":false},"excerpt":{"rendered":"<p>FIRENZE 01.06.16 &#8211; \u00abInterventi per oltre 26 milioni e 350mila euro, numeri importanti, lavori che partiranno e si concluderanno, per la maggior parte entro l\u2019anno, 32 interventi su altrettante zone sensibili o bisognose di opere attese o urgenti, un piano che vede la provincia di Massa Carrara seconda nella graduatoria toscana dei finanziamenti. Dietro queste [&hellip;]<\/p>\n","protected":false},"author":1,"featured_media":13063,"comment_status":"closed","ping_status":"closed","sticky":false,"template":"","format":"standard","meta":{"_jetpack_memberships_contains_paid_content":false,"footnotes":""},"categories":[30,961],"tags":[818],"class_list":{"0":"post-13062","1":"post","2":"type-post","3":"status-publish","4":"format-standard","5":"has-post-thumbnail","7":"category-comunicati-stampa","8":"category-giacomo-bugliani","9":"tag-difesa-del-suolo","10":"czr-hentry"},"jetpack_featured_media_url":"https:\/\/www.gruppopdregionetoscana.it\/web\/wp-content\/uploads\/2016\/06\/Bugliani2.jpg","jetpack_sharing_enabled":true,"_links":{"self":[{"href":"https:\/\/www.gruppopdregionetoscana.it\/web\/wp-json\/wp\/v2\/posts\/13062","targetHints":{"allow":["GET"]}}],"collection":[{"href":"https:\/\/www.gruppopdregionetoscana.it\/web\/wp-json\/wp\/v2\/posts"}],"about":[{"href":"https:\/\/www.gruppopdregionetoscana.it\/web\/wp-json\/wp\/v2\/types\/post"}],"author":[{"embeddable":true,"href":"https:\/\/www.gruppopdregionetoscana.it\/web\/wp-json\/wp\/v2\/users\/1"}],"replies":[{"embeddable":true,"href":"https:\/\/www.gruppopdregionetoscana.it\/web\/wp-json\/wp\/v2\/comments?post=13062"}],"version-history":[{"count":0,"href":"https:\/\/www.gruppopdregionetoscana.it\/web\/wp-json\/wp\/v2\/posts\/13062\/revisions"}],"wp:featuredmedia":[{"embeddable":true,"href":"https:\/\/www.gruppopdregionetoscana.it\/web\/wp-json\/wp\/v2\/media\/13063"}],"wp:attachment":[{"href":"https:\/\/www.gruppopdregionetoscana.it\/web\/wp-json\/wp\/v2\/media?parent=13062"}],"wp:term":[{"taxonomy":"category","embeddable":true,"href":"https:\/\/www.gruppopdregionetoscana.it\/web\/wp-json\/wp\/v2\/categories?post=13062"},{"taxonomy":"post_tag","embeddable":true,"href":"https:\/\/www.gruppopdregionetoscana.it\/web\/wp-json\/wp\/v2\/tags?post=13062"}],"curies":[{"name":"wp","href":"https:\/\/api.w.org\/{rel}","templated":true}]}}