{"id":13069,"date":"2016-06-01T15:56:27","date_gmt":"2016-06-01T13:56:27","guid":{"rendered":"http:\/\/www.gruppopdregionetoscana.it\/web\/?p=13069"},"modified":"2016-06-01T15:56:27","modified_gmt":"2016-06-01T13:56:27","slug":"piana-fiorentina-monni-pd-il-piu-grande-parco-agricolo-deuropa-e-lestensione-della-tramvia-risposte-concrete-a-chi-fa-solo-vuota-demagogia","status":"publish","type":"post","link":"https:\/\/www.gruppopdregionetoscana.it\/web\/piana-fiorentina-monni-pd-il-piu-grande-parco-agricolo-deuropa-e-lestensione-della-tramvia-risposte-concrete-a-chi-fa-solo-vuota-demagogia\/","title":{"rendered":"Piana fiorentina, Monni (PD): \u201cIl pi\u00f9 grande parco agricolo d\u2019Europa e l\u2019estensione della tramvia. Risposte concrete a chi fa solo vuota demagogia\u201d"},"content":{"rendered":"<p><i><span style=\"color: #000000; font-family: Calibri;\">La vice capogruppo commenta gli accordi di questi giorni \u201cLavoriamo concretamente per consegnare un futuro migliore\u00a0 a tutta l\u2019area\u201d<\/span><\/i><\/p>\n<p><span style=\"font-family: Calibri;\"><span style=\"color: #000000;\">\u00a0\u201cA coloro che ci dicevano che non avremo mai realizzato certe opere rispondiamo con l\u2019accordo firmato ieri per la realizzazione del pi\u00f9 grande parco agricolo d\u2019Europa, per la cui realizzazione, oltre all\u2019inserimento di partner di primo livello, si \u00e8 stanziato\u00a0 14 milioni di euro per il 2016. Il polmone verde che i cittadini di quell\u2019area meritano e che la Regione Toscana ha posto come obiettivo prioritario. Oggi, inoltre, il Presidente Rossi con Dario Nardella ed insieme ai rappresentanti dei Comuni di Campi Bisenzio, Scandicci, Bagno a Ripoli e Sesto Fiorentino hanno siglato l\u2019accordo che dar\u00e0 il definitivo via libera all\u2019estensione delle nuove linee della tramvia fiorentina. Un impegno serio e concreto capace di garantire una viabilit\u00e0 all\u2019altezza delle aspettative dei residenti\u201d. Cos\u00ec <b>la vice capogruppo in Consiglio regionale Monia Monni<\/b><\/span><span style=\"color: #000000;\"> commenta i due accordi di questi giorni che riguardano la realizzazione nella Piana del pi\u00f9 grande parco agricolo d\u2019Europa e l\u2019estensione della tramvia con le linee Piagge- Campi Bisenzio e Aeroporto-Polo scientifico a Sesto fiorentino con uno stanziamento di 2,4 milioni dalla regione, 550mila euro da Comune di Firenze, 100mila euro da quello di Campi\u00a0 e altrettante dal Comune di Sesto. \u201cAbbiamo sentito \u2013<\/span><b><span style=\"color: #000000;\">prosegue Monni<\/span><\/b><span style=\"color: #000000;\"> &#8211;\u00a0 tanti slogan in questo periodo di campagna elettorale che si chiuder\u00e0 con il voto tra pochi giorni e qualcuno, in cerca di qualche consenso in pi\u00f9,\u00a0 ha deciso di impostare il proprio rapporto con i cittadini sulla base della demagogia e della falsit\u00e0. Dalla nostra parte, come Partito Democratico, abbiamo il dovere, al di l\u00e0 delle parole al vento dei soliti noti, di governare questa regione garantendo un futuro migliore per i nostri territori. Questo \u00e8 quello che si sta facendo sulla Piana fiorentina che rappresenta una sfida centrale per il futuro della nostra Toscana. Non dimentichiamoci \u2013 conclude Monni \u2013 della firma del Dpcm da parte del Presidente del Consiglio dei Ministri con il quale si \u00e8 approvato il bando da 500 milioni di euro destinati alla riqualificazione urbana e alla sicurezza\u00a0 delle periferie delle Citt\u00e0 Metropolitane e dei Comuni capoluogo di provincia e di Regione. <\/span><b><span style=\"color: #000000;\">In questo scenario preme sottolineare come la Grande Firenze stia muovendo i primi importanti passi<\/span><\/b><span style=\"color: #000000;\"> alla luce dell\u2019impegno espresso da Dario Nardella di presentare un progetto che miri a portare 40 di quei\u00a0 500 milioni sul nostro territorio per migliorare la vivibilit\u00e0 delle nostre comunit\u00e0. Al di l\u00e0 delle polemiche da bar in politica, cos\u00ec come nella vita, a contare sono poi i fatti e noi stiamo dimostrando di aver imboccato la strada giusta che va nella direzione di rendere la Toscana e la Piana fiorentina un posto migliore\u201d.<\/span><\/span><\/p>\n<p>&nbsp;<\/p>\n","protected":false},"excerpt":{"rendered":"<p>La vice capogruppo commenta gli accordi di questi giorni \u201cLavoriamo concretamente per consegnare un futuro migliore\u00a0 a tutta l\u2019area\u201d \u00a0\u201cA coloro che ci dicevano che non avremo mai realizzato certe opere rispondiamo con l\u2019accordo firmato ieri per la realizzazione del pi\u00f9 grande parco agricolo d\u2019Europa, per la cui realizzazione, oltre all\u2019inserimento di partner di primo [&hellip;]<\/p>\n","protected":false},"author":1,"featured_media":13070,"comment_status":"closed","ping_status":"closed","sticky":false,"template":"","format":"standard","meta":{"_jetpack_memberships_contains_paid_content":false,"footnotes":""},"categories":[30,955],"tags":[],"class_list":{"0":"post-13069","1":"post","2":"type-post","3":"status-publish","4":"format-standard","5":"has-post-thumbnail","7":"category-comunicati-stampa","8":"category-monia-monni","9":"czr-hentry"},"jetpack_featured_media_url":"https:\/\/www.gruppopdregionetoscana.it\/web\/wp-content\/uploads\/2016\/06\/Piana-fiorentina.jpg","jetpack_sharing_enabled":true,"_links":{"self":[{"href":"https:\/\/www.gruppopdregionetoscana.it\/web\/wp-json\/wp\/v2\/posts\/13069","targetHints":{"allow":["GET"]}}],"collection":[{"href":"https:\/\/www.gruppopdregionetoscana.it\/web\/wp-json\/wp\/v2\/posts"}],"about":[{"href":"https:\/\/www.gruppopdregionetoscana.it\/web\/wp-json\/wp\/v2\/types\/post"}],"author":[{"embeddable":true,"href":"https:\/\/www.gruppopdregionetoscana.it\/web\/wp-json\/wp\/v2\/users\/1"}],"replies":[{"embeddable":true,"href":"https:\/\/www.gruppopdregionetoscana.it\/web\/wp-json\/wp\/v2\/comments?post=13069"}],"version-history":[{"count":0,"href":"https:\/\/www.gruppopdregionetoscana.it\/web\/wp-json\/wp\/v2\/posts\/13069\/revisions"}],"wp:featuredmedia":[{"embeddable":true,"href":"https:\/\/www.gruppopdregionetoscana.it\/web\/wp-json\/wp\/v2\/media\/13070"}],"wp:attachment":[{"href":"https:\/\/www.gruppopdregionetoscana.it\/web\/wp-json\/wp\/v2\/media?parent=13069"}],"wp:term":[{"taxonomy":"category","embeddable":true,"href":"https:\/\/www.gruppopdregionetoscana.it\/web\/wp-json\/wp\/v2\/categories?post=13069"},{"taxonomy":"post_tag","embeddable":true,"href":"https:\/\/www.gruppopdregionetoscana.it\/web\/wp-json\/wp\/v2\/tags?post=13069"}],"curies":[{"name":"wp","href":"https:\/\/api.w.org\/{rel}","templated":true}]}}