{"id":13078,"date":"2016-06-07T17:24:55","date_gmt":"2016-06-07T15:24:55","guid":{"rendered":"http:\/\/www.gruppopdregionetoscana.it\/web\/?p=13078"},"modified":"2016-06-07T17:24:55","modified_gmt":"2016-06-07T15:24:55","slug":"san-marcello-piteglio-sigillo-finale-per-il-comune-unico-passa-allunanimita-la-proposta-di-legge-di-baldi-e-niccolai","status":"publish","type":"post","link":"https:\/\/www.gruppopdregionetoscana.it\/web\/san-marcello-piteglio-sigillo-finale-per-il-comune-unico-passa-allunanimita-la-proposta-di-legge-di-baldi-e-niccolai\/","title":{"rendered":"San Marcello-Piteglio, sigillo finale per il Comune unico. Passa all\u2019unanimit\u00e0 la proposta di legge di Baldi e Niccolai"},"content":{"rendered":"<p><img loading=\"lazy\" decoding=\"async\" class=\"alignleft size-full wp-image-11689\" src=\"http:\/\/www.gruppopdregionetoscana.it\/web\/wp-content\/uploads\/2015\/12\/baldi-niccolai.jpg\" alt=\"baldi niccolai\" width=\"500\" height=\"305\" srcset=\"https:\/\/www.gruppopdregionetoscana.it\/web\/wp-content\/uploads\/2015\/12\/baldi-niccolai.jpg 500w, https:\/\/www.gruppopdregionetoscana.it\/web\/wp-content\/uploads\/2015\/12\/baldi-niccolai-300x183.jpg 300w\" sizes=\"auto, (max-width: 500px) 100vw, 500px\" \/>Il nuovo comune di San Marcello-Piteglio \u00e8 ora una realt\u00e0. Il Consiglio regionale ha infatti approvato all\u2019unanimit\u00e0 la proposta di legge per la fusione dei due comuni della montagna pistoiese, proposta 9 mesi fa dai consiglieri Pd\u00a0<strong>Massimo Baldi<\/strong>\u00a0e\u00a0<strong>Marco Niccolai<\/strong>, alla quale ha fatto seguito un referendum consultivo che ha visto la maggioranza dei votanti esprimersi a favore.<\/p>\n<p>\u00abNon nascondo una certa emozione \u2013 ha detto\u00a0<strong>Baldi<\/strong>\u00a0intervenendo in aula \u2013 perch\u00e9 per molti anni la politica \u00e8 apparsa incapace di passare dalle parole ai fatti. Dopo dieci anni di sterili discussioni, anche da parte della nostra classe dirigente, oggi la fusione tra San Marcello e Piteglio \u00e8 finalmente un fatto concreto, una realt\u00e0 che ha ricevuto grande consenso da parte dei cittadini. Voglio esprimere la soddisfazione per il lavoro fatto dal nostro gruppo consiliare e soprattutto per quello portato avanti dalle due amministrazioni comunali, un impegno complessivo che ci ha consentito di raggiungere un risultato che non esito a definire epocale\u00bb.<\/p>\n<p>Baldi, replicando ad alcune affermazioni di consiglieri delle opposizioni, si \u00e8 anche soffermato sulla risoluzione Pd, approvata qualche tempo fa dal Consiglio regionale, circa gli orientamenti\u00a0 da assumere sulle fusioni e le semplificazioni del quadro istituzionale regionale.<\/p>\n<p>\u00abNoi abbiamo l\u2019onere di governare \u2013 ha detto\u00a0<strong>Baldi<\/strong>\u00a0\u2013 e ci\u00f2 significa anche essere in grado di fare una riflessione politica e vedere nella spinta alle fusioni dei comuni un progetto quasi irrinunciabile se si vuole perseguire l\u2019obiettivo della qualit\u00e0 e dell&#8217;efficacia della pubblica amministrazione, cosa ancora pi\u00f9 importante in questa fase di modifiche costituzionali. La nostra risoluzione \u00e8 l\u2019esatto contrario del dirigismo, perch\u00e9 stabilisce regole certe e puntuali, che in un quadro di tutela dei piccoli comuni dai rischi di \u201cannessioni\u201d, conferisce dignit\u00e0 a un voto e a un giudizio complessivo dei cittadini\u00bb.<\/p>\n<p>\u00abE\u2019 un momento importante \u2013 ha aggiunto <strong>Niccolai<\/strong> \u2013 perch\u00e9 dopo molti anni nei quali sono stati versati fiumi di inchiostro e svolti dibattiti che hanno investito anche il Consiglio regionale, finalmente concludiamo un percorso. E\u2019 motivo di orgoglio che la legge che approviamo oggi nasca da noi, in accordo con le amministrazioni comunali, elemento questo essenziale per la riuscita del progetto. I sindaci infatti si sono spesi totalmente, promuovendo un percorso partecipativo fitto, con pi\u00f9 di 20 assemblee e che ha visto l\u2019apporto determinante di un comitato per il s\u00ec al referendum che ha lavorato pancia a terra per il risultato finale. Un risultato che parla chiaro: dal 2017 nella montagna pistoiese ci saranno due comuni invece di quattro. Grazie alle fusioni ed agli incentivi nazionali e regionali per esse, i nuovi Comuni avranno una marcia in pi\u00f9 per darei risposte concrete ai cittadini, tema quanto mai importante a maggior ragione nei territori montani. Le amministrazioni locali nascono e vivono per fare le cose e da domani esse avranno pi\u00f9 strumenti per rispondere alle domande dei cittadini. Abbiamo scritto una pagina nuova, di una politica che sa ascoltare e che sa decidere\u00bb.<\/p>\n","protected":false},"excerpt":{"rendered":"<p>Il nuovo comune di San Marcello-Piteglio \u00e8 ora una realt\u00e0. Il Consiglio regionale ha infatti approvato all\u2019unanimit\u00e0 la proposta di legge per la fusione dei due comuni della montagna pistoiese, proposta 9 mesi fa dai consiglieri Pd\u00a0Massimo Baldi\u00a0e\u00a0Marco Niccolai, alla quale ha fatto seguito un referendum consultivo che ha visto la maggioranza dei votanti esprimersi [&hellip;]<\/p>\n","protected":false},"author":1,"featured_media":13079,"comment_status":"closed","ping_status":"closed","sticky":false,"template":"","format":"standard","meta":{"_jetpack_memberships_contains_paid_content":false,"footnotes":""},"categories":[30,969,959,1],"tags":[1295],"class_list":{"0":"post-13078","1":"post","2":"type-post","3":"status-publish","4":"format-standard","5":"has-post-thumbnail","7":"category-comunicati-stampa","8":"category-marco-niccolai","9":"category-massimo-baldi","10":"category-proposte-di-legge","11":"tag-fusioni-comuni","12":"czr-hentry"},"jetpack_featured_media_url":"https:\/\/www.gruppopdregionetoscana.it\/web\/wp-content\/uploads\/2016\/06\/stemmisanmarcellopiteglio.jpg","jetpack_sharing_enabled":true,"_links":{"self":[{"href":"https:\/\/www.gruppopdregionetoscana.it\/web\/wp-json\/wp\/v2\/posts\/13078","targetHints":{"allow":["GET"]}}],"collection":[{"href":"https:\/\/www.gruppopdregionetoscana.it\/web\/wp-json\/wp\/v2\/posts"}],"about":[{"href":"https:\/\/www.gruppopdregionetoscana.it\/web\/wp-json\/wp\/v2\/types\/post"}],"author":[{"embeddable":true,"href":"https:\/\/www.gruppopdregionetoscana.it\/web\/wp-json\/wp\/v2\/users\/1"}],"replies":[{"embeddable":true,"href":"https:\/\/www.gruppopdregionetoscana.it\/web\/wp-json\/wp\/v2\/comments?post=13078"}],"version-history":[{"count":0,"href":"https:\/\/www.gruppopdregionetoscana.it\/web\/wp-json\/wp\/v2\/posts\/13078\/revisions"}],"wp:featuredmedia":[{"embeddable":true,"href":"https:\/\/www.gruppopdregionetoscana.it\/web\/wp-json\/wp\/v2\/media\/13079"}],"wp:attachment":[{"href":"https:\/\/www.gruppopdregionetoscana.it\/web\/wp-json\/wp\/v2\/media?parent=13078"}],"wp:term":[{"taxonomy":"category","embeddable":true,"href":"https:\/\/www.gruppopdregionetoscana.it\/web\/wp-json\/wp\/v2\/categories?post=13078"},{"taxonomy":"post_tag","embeddable":true,"href":"https:\/\/www.gruppopdregionetoscana.it\/web\/wp-json\/wp\/v2\/tags?post=13078"}],"curies":[{"name":"wp","href":"https:\/\/api.w.org\/{rel}","templated":true}]}}