{"id":13085,"date":"2016-06-07T18:53:05","date_gmt":"2016-06-07T16:53:05","guid":{"rendered":"http:\/\/www.gruppopdregionetoscana.it\/web\/?p=13085"},"modified":"2016-06-07T18:53:05","modified_gmt":"2016-06-07T16:53:05","slug":"cultura-anselmi-mantenere-la-memoria-per-vivere-consapevolmente-il-presente","status":"publish","type":"post","link":"https:\/\/www.gruppopdregionetoscana.it\/web\/cultura-anselmi-mantenere-la-memoria-per-vivere-consapevolmente-il-presente\/","title":{"rendered":"Cultura, Anselmi: \u201cMantenere la memoria per vivere consapevolmente il presente\u201d"},"content":{"rendered":"<p>\u201cVivere consapevolmente il presente \u2013 commenta <strong>Gianni Anselmi<\/strong>, presidente della commissione\u00a0Cultura, istruzione e formazione, che ha illustrato in aula la risoluzione \u2013 vuol dire anche conoscere la storia, le traiettorie, gli eventi che hanno contribuito a definire la realt\u00e0 come si presenta oggi. Ben vengano dunque iniziative con cui rispondere alla necessit\u00e0 di alimentare la memoria nei giovani perch\u00e9 concorra a qualificarli come cittadini consapevoli di questo tempo. Il mondo della scuola pu\u00f2 farsi carico di questo compito, accompagnando i figli nell&#8217;approfondimento e nel confronto sulle vicende dei padri che hanno segnato le curve della storia e tracciato i tratti della nostra democrazia liberale.<\/p>\n<p>Il testo avanzato dal Parlamento degli Studenti e proposto da Anselmi alla 2\u00aa Commissione e poi approvato in aula con la astensione della Lega (assente Fratelli d&#8217;Italia) impegna la giunta regionale ad attivarsi con il ministero dell\u2019Istruzione affinch\u00e9 nei programmi scolastici degli istituti superiori siano previste specifiche ore dedicate al confronto tra studenti, in classe o in assemblea, sulla storia recente, con particolare riferimento alla Shoah, alle stragi nazifasciste, alla Liberazione, alla tragedia delle foibe, alla stagione del terrorismo, alle stragi del recente passato nonch\u00e9 ai fatti di cronaca e ai temi di attualit\u00e0.<\/p>\n<p>\u201cGrazie al Parlamento degli studenti toscani che ci ha proposto questo progetto \u2013 prosegue Anselmi \u2013. Lo abbiamo accolto con piacere e votato all\u2019unanimit\u00e0 in Commissione perch\u00e9 ci \u00e8 sembrato da subito meritevole dell\u2019attenzione del Consiglio regionale. Con l\u2019approvazione della proposta di risoluzione, oggi, la maggioranza dei consiglieri si unisce alla voce degli studenti. I giovani debbono sempre essere ascoltati; quando si fanno protagonisti del proprio tempo palesando proposte e senso di responsabilit\u00e0, la politica ha a maggior ragione il compito di tradurre le parole in azione ed \u00e8 quello che abbiamo fatto\u201d.<\/p>\n","protected":false},"excerpt":{"rendered":"<p>\u201cVivere consapevolmente il presente \u2013 commenta Gianni Anselmi, presidente della commissione\u00a0Cultura, istruzione e formazione, che ha illustrato in aula la risoluzione \u2013 vuol dire anche conoscere la storia, le traiettorie, gli eventi che hanno contribuito a definire la realt\u00e0 come si presenta oggi. Ben vengano dunque iniziative con cui rispondere alla necessit\u00e0 di alimentare la [&hellip;]<\/p>\n","protected":false},"author":1,"featured_media":10452,"comment_status":"closed","ping_status":"closed","sticky":false,"template":"","format":"standard","meta":{"_jetpack_memberships_contains_paid_content":false,"footnotes":""},"categories":[892,30,957],"tags":[1050,535,741,215,220,1364,222],"class_list":{"0":"post-13085","1":"post","2":"type-post","3":"status-publish","4":"format-standard","5":"has-post-thumbnail","7":"category-atti-consiliari","8":"category-comunicati-stampa","9":"category-gianni-anselmi","10":"tag-anselmi","11":"tag-cultura","12":"tag-formazione","13":"tag-istruzione","14":"tag-memoria","15":"tag-storia","16":"tag-studenti","17":"czr-hentry"},"jetpack_featured_media_url":"https:\/\/www.gruppopdregionetoscana.it\/web\/wp-content\/uploads\/2015\/09\/anselmi.jpg","jetpack_sharing_enabled":true,"_links":{"self":[{"href":"https:\/\/www.gruppopdregionetoscana.it\/web\/wp-json\/wp\/v2\/posts\/13085","targetHints":{"allow":["GET"]}}],"collection":[{"href":"https:\/\/www.gruppopdregionetoscana.it\/web\/wp-json\/wp\/v2\/posts"}],"about":[{"href":"https:\/\/www.gruppopdregionetoscana.it\/web\/wp-json\/wp\/v2\/types\/post"}],"author":[{"embeddable":true,"href":"https:\/\/www.gruppopdregionetoscana.it\/web\/wp-json\/wp\/v2\/users\/1"}],"replies":[{"embeddable":true,"href":"https:\/\/www.gruppopdregionetoscana.it\/web\/wp-json\/wp\/v2\/comments?post=13085"}],"version-history":[{"count":0,"href":"https:\/\/www.gruppopdregionetoscana.it\/web\/wp-json\/wp\/v2\/posts\/13085\/revisions"}],"wp:featuredmedia":[{"embeddable":true,"href":"https:\/\/www.gruppopdregionetoscana.it\/web\/wp-json\/wp\/v2\/media\/10452"}],"wp:attachment":[{"href":"https:\/\/www.gruppopdregionetoscana.it\/web\/wp-json\/wp\/v2\/media?parent=13085"}],"wp:term":[{"taxonomy":"category","embeddable":true,"href":"https:\/\/www.gruppopdregionetoscana.it\/web\/wp-json\/wp\/v2\/categories?post=13085"},{"taxonomy":"post_tag","embeddable":true,"href":"https:\/\/www.gruppopdregionetoscana.it\/web\/wp-json\/wp\/v2\/tags?post=13085"}],"curies":[{"name":"wp","href":"https:\/\/api.w.org\/{rel}","templated":true}]}}