{"id":13225,"date":"2016-06-22T14:24:44","date_gmt":"2016-06-22T12:24:44","guid":{"rendered":"http:\/\/www.gruppopdregionetoscana.it\/web\/?p=13225"},"modified":"2016-06-22T14:54:06","modified_gmt":"2016-06-22T12:54:06","slug":"caccia-il-consiglio-approva-la-legge-sugli-ambiti-territoriali-un-atto-dovuto-per-garantire-la-gestione-ordinaria","status":"publish","type":"post","link":"https:\/\/www.gruppopdregionetoscana.it\/web\/caccia-il-consiglio-approva-la-legge-sugli-ambiti-territoriali-un-atto-dovuto-per-garantire-la-gestione-ordinaria\/","title":{"rendered":"Caccia, il Consiglio approva la legge sugli Ambiti Territoriali: \u201cUn atto dovuto per garantire la gestione ordinaria\u201d"},"content":{"rendered":"<p>Il Consiglio regionale ha approvato a maggioranza la Proposta di legge che interviene a sanare la bocciatura della Corte Costituzionale sull\u2019organizzazione degli Atc in Toscana.<\/p>\n<p>\u201cLa proposta di legge che abbiamo portato oggi in aula \u2013 spiega <strong>Gianni Anselmi<\/strong>, presidente della Commissione Sviluppo economico e rurale \u2013 \u00e8 frutto della discussione in Commissione che abbiamo svolto in tempi strettissimi a seguito dell\u2019indisponibilit\u00e0 delle minoranze di discutere l\u2019atto nella scorsa seduta del Consiglio. Il dibattito si \u00e8 concentrato, principalmente, sulle scadenze fissate per la ridefinizione degli Ambiti territoriali: la Commissione ha decretato, a maggioranza, di lasciare invariati i termini fissati al 30 novembre per la ripartizione dei nuovi ambiti e al 31 dicembre per la nomina degli organi direttivi. Questo per pi\u00f9 motivi, tra cui: la necessit\u00e0, primaria, di garantire la continuit\u00e0 operativa delle attivit\u00e0 sul territorio, in virt\u00f9 anche dell\u2019articolo 97 della Costituzione che prevede il buon mantenimento del lavoro degli uffici, e quella di dare la possibilit\u00e0 alla struttura di lavorare al meglio e con i tempi giusti per la definizione degli Ambiti\u201d.<\/p>\n<p>\u201cScegliere soluzioni affrettate sarebbe un errore grave \u2013 commenta <strong>Leonardo Marras<\/strong>, capogruppo PD Regione Toscana \u2013. Oggi, approvando questa norma, compiamo un atto di responsabilit\u00e0 garantendo la continuit\u00e0 di gestione ordinaria che \u00e8 prioritaria rispetto ad ogni altro ragionamento che potremo sviluppare in futuro per l\u2019elaborazione della legge definitiva. Dispiace il voto contrario delle minoranze, perch\u00e9 l\u2019attuale Consiglio si \u00e8 gi\u00e0 espresso nei mesi scorsi votando all\u2019unanimit\u00e0 a favore della riorganizzazione degli ambiti territoriali concepita come risposta alla necessit\u00e0 di individuare negli Atc i gestori di funzioni prima di competenza provinciale, riconoscendo loro cio\u00e8 un vero e proprio ruolo istituzionale. Credo che la discussione debba riprendere da qui, superando la divisione dei confini provinciali e pensando agli Ambiti come aree funzionali allo svolgimento delle diverse attivit\u00e0, riconoscerli come vere e proprie pubbliche amministrazioni, introducendo il potere d\u2019indirizzo oltre a quello di organizzazione e prevedendo un sistema di gestione delle risorse pubbliche\u201d.<\/p>\n<p>\u201cRibadisco la piena volont\u00e0 della Regione di prendere atto e affrontare i vari temi evidenziati dalla sentenza della Corte Costituzionale \u2013 spiega <strong>Marco Remaschi<\/strong>, assessore regionale all\u2019Agricoltura e alla caccia \u2013, ma non possiamo fermare l\u2019attivit\u00e0 degli Ambiti territoriali. Votando questa Pdl abbiamo dato una risposta concreta al mondo agricolo e al mondo venatorio. Da domani inizieremo a lavorare sulla nuova legge che mi impegno a far arrivare al Consiglio entro fine estate, cercando di restringere il pi\u00f9 possibile i tempi, garantendo comunque le necessarie valutazioni e concertazioni, al fine di elaborare un testo efficace e condiviso\u201d<\/p>\n<p>&nbsp;<\/p>\n","protected":false},"excerpt":{"rendered":"<p>Il Consiglio regionale ha approvato a maggioranza la Proposta di legge che interviene a sanare la bocciatura della Corte Costituzionale sull\u2019organizzazione degli Atc in Toscana. \u201cLa proposta di legge che abbiamo portato oggi in aula \u2013 spiega Gianni Anselmi, presidente della Commissione Sviluppo economico e rurale \u2013 \u00e8 frutto della discussione in Commissione che abbiamo [&hellip;]<\/p>\n","protected":false},"author":1,"featured_media":13226,"comment_status":"closed","ping_status":"closed","sticky":false,"template":"","format":"standard","meta":{"_jetpack_memberships_contains_paid_content":false,"footnotes":""},"categories":[30,957,954],"tags":[42,696,1381,462,326,36],"class_list":{"0":"post-13225","1":"post","2":"type-post","3":"status-publish","4":"format-standard","5":"has-post-thumbnail","7":"category-comunicati-stampa","8":"category-gianni-anselmi","9":"category-leonardo-marras","10":"tag-agricoltura","11":"tag-ambiente","12":"tag-atc","13":"tag-caccia","14":"tag-territorio","15":"tag-toscana","16":"czr-hentry"},"jetpack_featured_media_url":"https:\/\/www.gruppopdregionetoscana.it\/web\/wp-content\/uploads\/2016\/06\/riserva-03.jpg","jetpack_sharing_enabled":true,"_links":{"self":[{"href":"https:\/\/www.gruppopdregionetoscana.it\/web\/wp-json\/wp\/v2\/posts\/13225","targetHints":{"allow":["GET"]}}],"collection":[{"href":"https:\/\/www.gruppopdregionetoscana.it\/web\/wp-json\/wp\/v2\/posts"}],"about":[{"href":"https:\/\/www.gruppopdregionetoscana.it\/web\/wp-json\/wp\/v2\/types\/post"}],"author":[{"embeddable":true,"href":"https:\/\/www.gruppopdregionetoscana.it\/web\/wp-json\/wp\/v2\/users\/1"}],"replies":[{"embeddable":true,"href":"https:\/\/www.gruppopdregionetoscana.it\/web\/wp-json\/wp\/v2\/comments?post=13225"}],"version-history":[{"count":0,"href":"https:\/\/www.gruppopdregionetoscana.it\/web\/wp-json\/wp\/v2\/posts\/13225\/revisions"}],"wp:featuredmedia":[{"embeddable":true,"href":"https:\/\/www.gruppopdregionetoscana.it\/web\/wp-json\/wp\/v2\/media\/13226"}],"wp:attachment":[{"href":"https:\/\/www.gruppopdregionetoscana.it\/web\/wp-json\/wp\/v2\/media?parent=13225"}],"wp:term":[{"taxonomy":"category","embeddable":true,"href":"https:\/\/www.gruppopdregionetoscana.it\/web\/wp-json\/wp\/v2\/categories?post=13225"},{"taxonomy":"post_tag","embeddable":true,"href":"https:\/\/www.gruppopdregionetoscana.it\/web\/wp-json\/wp\/v2\/tags?post=13225"}],"curies":[{"name":"wp","href":"https:\/\/api.w.org\/{rel}","templated":true}]}}