{"id":14456,"date":"2016-11-08T17:01:58","date_gmt":"2016-11-08T16:01:58","guid":{"rendered":"http:\/\/www.gruppopdregionetoscana.it\/web\/?p=14456"},"modified":"2016-11-08T17:01:58","modified_gmt":"2016-11-08T16:01:58","slug":"disabilita-scaramelli-pd-due-milioni-di-euro-per-labbattimento-delle-barriere-architettoniche-bene-la-decisione-della-regione-toscana","status":"publish","type":"post","link":"https:\/\/www.gruppopdregionetoscana.it\/web\/disabilita-scaramelli-pd-due-milioni-di-euro-per-labbattimento-delle-barriere-architettoniche-bene-la-decisione-della-regione-toscana\/","title":{"rendered":"Disabilit\u00e0, Scaramelli (PD): \u201cDue milioni di euro per l\u2019abbattimento delle barriere architettoniche, bene la decisione della Regione Toscana\u201d"},"content":{"rendered":"<p>\u201cBene lo stanziamento di 2 milioni di euro per l\u2019abbattimento delle barriere architettoniche nelle abitazioni, una scelta di progresso e civilt\u00e0\u201d. A dirlo <strong>Stefano Scaramelli<\/strong>, presidente della commissione Sanit\u00e0 e politiche sociali commentando lo stanziamento relativo all\u2019anno 2015, deciso su iniziativa dell\u2019assessore regionale alle politiche sociali Stefania Saccardi, in base alle domande presentate dalle famiglie con disabili ai comuni di residenza entro la fine del 2015.<\/p>\n<p>\u201cLa Regione Toscana anche quest\u2019anno &#8211; continua Scaramelli -, assegna risorse importanti per abbattere barriere architettoniche nelle case in cui risiedono persone disabili che hanno presentato domanda. I cittadini che si trovano in condizione di limitazioni di carattere fisico, sensoriale o cognitivo e che devono provvedere all\u2019eliminazione di barriere architettoniche negli edifici in cui sono residenti, ogni anno possono presentare domanda per accedere al contributo regionale entro la fine dell&#8217;anno. Tra gli strumenti messi in campo per l\u2019abbattimento delle barriere architettoniche, anche il bando per partecipare al progetto di Adattamento domestico per l\u2019autonomia (ADA) che prevede consulenze a favore delle persone con gravi disabilit\u00e0 per il potenziamento e la personalizzazione degli interventi finalizzati a migliorare le opportunit\u00e0 di vita indipendente, la permanenza nel proprio ambiente di vita e la maggiore autonomia possibile. Gli interventi attivabili sono 400 e la disponibilit\u00e0 di risorse assegnate per il progetto dalla Regione Toscana \u00e8 pari a 800mila euro\u201d. Nei prossimi giorni le Societ\u00e0 della Salute e le zone distretto pubblicheranno il bando, esteso alle 34 zone della Toscana, per rendere maggiormente <strong>fruibili gli ambienti di vita<\/strong>, per lo svolgimento delle attivit\u00e0 quotidiane, di studio e di lavoro all\u2019interno della propria abitazione. Il progetto ADA \u00e8 innovativo nel panorama dei servizi in materia di disabilit\u00e0, \u00e8 stato sperimentato con successo per la prima volta un anno fa in due Societ\u00e0 della Salute. L\u2019Avviso pubblico rimarr\u00e0 aperto nei mesi di novembre e dicembre, poi ogni zona approver\u00e0 la graduatoria e former\u00e0 l\u2019equipe che il 6 marzo 2017 inizier\u00e0 i primi sopralluoghi.<\/p>\n","protected":false},"excerpt":{"rendered":"<p>\u201cBene lo stanziamento di 2 milioni di euro per l\u2019abbattimento delle barriere architettoniche nelle abitazioni, una scelta di progresso e civilt\u00e0\u201d. A dirlo Stefano Scaramelli, presidente della commissione Sanit\u00e0 e politiche sociali commentando lo stanziamento relativo all\u2019anno 2015, deciso su iniziativa dell\u2019assessore regionale alle politiche sociali Stefania Saccardi, in base alle domande presentate dalle famiglie [&hellip;]<\/p>\n","protected":false},"author":1,"featured_media":14457,"comment_status":"closed","ping_status":"closed","sticky":false,"template":"","format":"standard","meta":{"_jetpack_memberships_contains_paid_content":false,"footnotes":""},"categories":[30,971],"tags":[675,1247,101,751,36],"class_list":{"0":"post-14456","1":"post","2":"type-post","3":"status-publish","4":"format-standard","5":"has-post-thumbnail","7":"category-comunicati-stampa","8":"category-stefano-scaramelli","9":"tag-disabilita","10":"tag-politiche-sociali","11":"tag-sanita","12":"tag-sociale","13":"tag-toscana","14":"czr-hentry"},"jetpack_featured_media_url":"https:\/\/www.gruppopdregionetoscana.it\/web\/wp-content\/uploads\/2016\/11\/images.jpg","jetpack_sharing_enabled":true,"_links":{"self":[{"href":"https:\/\/www.gruppopdregionetoscana.it\/web\/wp-json\/wp\/v2\/posts\/14456","targetHints":{"allow":["GET"]}}],"collection":[{"href":"https:\/\/www.gruppopdregionetoscana.it\/web\/wp-json\/wp\/v2\/posts"}],"about":[{"href":"https:\/\/www.gruppopdregionetoscana.it\/web\/wp-json\/wp\/v2\/types\/post"}],"author":[{"embeddable":true,"href":"https:\/\/www.gruppopdregionetoscana.it\/web\/wp-json\/wp\/v2\/users\/1"}],"replies":[{"embeddable":true,"href":"https:\/\/www.gruppopdregionetoscana.it\/web\/wp-json\/wp\/v2\/comments?post=14456"}],"version-history":[{"count":0,"href":"https:\/\/www.gruppopdregionetoscana.it\/web\/wp-json\/wp\/v2\/posts\/14456\/revisions"}],"wp:featuredmedia":[{"embeddable":true,"href":"https:\/\/www.gruppopdregionetoscana.it\/web\/wp-json\/wp\/v2\/media\/14457"}],"wp:attachment":[{"href":"https:\/\/www.gruppopdregionetoscana.it\/web\/wp-json\/wp\/v2\/media?parent=14456"}],"wp:term":[{"taxonomy":"category","embeddable":true,"href":"https:\/\/www.gruppopdregionetoscana.it\/web\/wp-json\/wp\/v2\/categories?post=14456"},{"taxonomy":"post_tag","embeddable":true,"href":"https:\/\/www.gruppopdregionetoscana.it\/web\/wp-json\/wp\/v2\/tags?post=14456"}],"curies":[{"name":"wp","href":"https:\/\/api.w.org\/{rel}","templated":true}]}}