{"id":14480,"date":"2016-11-09T13:19:31","date_gmt":"2016-11-09T12:19:31","guid":{"rendered":"http:\/\/www.gruppopdregionetoscana.it\/web\/?p=14480"},"modified":"2016-11-09T13:19:31","modified_gmt":"2016-11-09T12:19:31","slug":"snai-porcari-approvata-allunanimita-mozione-di-baccelli-pd","status":"publish","type":"post","link":"https:\/\/www.gruppopdregionetoscana.it\/web\/snai-porcari-approvata-allunanimita-mozione-di-baccelli-pd\/","title":{"rendered":"Snai Porcari, approvata all\u2019unanimit\u00e0 mozione di Baccelli (Pd)"},"content":{"rendered":"<div id=\"attachment_14436\" style=\"width: 310px\" class=\"wp-caption alignleft\"><img loading=\"lazy\" decoding=\"async\" aria-describedby=\"caption-attachment-14436\" class=\"wp-image-14436 size-medium\" src=\"http:\/\/www.gruppopdregionetoscana.it\/web\/wp-content\/uploads\/2016\/11\/snai-Porcari-300x168.jpg\" width=\"300\" height=\"168\" srcset=\"https:\/\/www.gruppopdregionetoscana.it\/web\/wp-content\/uploads\/2016\/11\/snai-Porcari-300x168.jpg 300w, https:\/\/www.gruppopdregionetoscana.it\/web\/wp-content\/uploads\/2016\/11\/snai-Porcari-1024x575.jpg 1024w, https:\/\/www.gruppopdregionetoscana.it\/web\/wp-content\/uploads\/2016\/11\/snai-Porcari.jpg 1600w\" sizes=\"auto, (max-width: 300px) 100vw, 300px\" \/><p id=\"caption-attachment-14436\" class=\"wp-caption-text\">Fonte: google.com<\/p><\/div>\n<p><em>Il consigliere regionale Pd e presidente commissione Ambiente e territorio interviene in aula sollecitando l\u2019impegno della Giunta e del Governo su questa vicenda<\/em><\/p>\n<p>&nbsp;<\/p>\n<p>Il caso della Snai di Porcari arriva sui banchi del Consiglio regionale della Toscana, con la mozione di <strong>Stefano Baccelli<\/strong>, consigliere regionale Pd e presidente commissione Ambiente e territorio, approvata all\u2019unanimit\u00e0. L\u2019atto, intitolato <strong><em>\u201cIn merito alle prospettive occupazionali presso la SNAI S.p.A.\u201d, <\/em><\/strong>\u00a0impegna la Giunta regionale da un lato a monitorare direttamente la situazione, dall&#8217;altro ad<\/p>\n<p>intervenire nei confronti del governo nazionale per operare \u00a0una <em>moral suasion<\/em> nei confronti di un\u2019azienda che \u00e8 titolare di una concessione pubblica. \u201cGli attuali nuovi amministratori ci hanno anticipato la presentazione entro il maggio scorso di un fantomatico piano industriale ma ad oggi non ne abbiamo avuto traccia, si \u00e8 perfino evitato di parlare di crisi e di conseguenza di eventuali ammortizzatori sociali, per difendere l\u2019immagine di una societ\u00e0 quotata in borsa; raramente \u00e8 risultato cos\u00ec difficile interloquire con i vertici di un&#8217;azienda \u00a0per lavoratori, istituzioni, sindacati. \u2013 ha sottolineato Baccelli &#8211; \u00a0Gli effetti di questa situazione sono sotto gli occhi di tutti, la decisione unilaterale \u00a0di spostare la sede legale da Porcari a Milano, anche questo senza dare spiegazioni adeguate ai dipendenti, uno schiaffo del tutto gratuito e non giustificato, ci pare, da motivi organizzativi seri. Parliamo poi di una realt\u00e0 aziendale importante, radicata sul nostro territorio, che solo nella sede di Porcari d\u00e0 lavoro a circa 500 persone. Lo stato di agitazione dei dipendenti a questo punto \u00e8 motivato, a mia memoria \u00e8 la prima volta che nella storia di questa azienda sono state \u00a0fatte manifestazioni di lavoratori e anche oggi sono in corso 8 ore di sciopero; le ragioni purtroppo non mancano perch\u00e9, appunto, ci\u00f2 che manca in primo luogo \u00e8 la disponibilit\u00e0 dell\u2019azienda al dialogo. L\u2019apprensione inevitabilmente \u00e8 tanta e va ben oltre i 95\u00a0 potenziali esuberi, gi\u00e0 di per s\u00e9 un numero preoccupante, proprio per questa \u2018non volont\u00e0\u2019 al confronto. Ma il dato che fa riflettere \u00e8 che siamo di fronte a un\u2019azienda che per quanto privata risulta essere un concessionario pubblico, con concessione governativa. Allora s\u00ec che a maggior ragione dovremo pretendere quella responsabilit\u00e0 sociale d\u2019impresa che chiede la nostra Costituzione. \u00c8 per questo che alla Regione sollecito un impegno particolare, cos\u00ec come faranno gli enti locali con altrettante mozioni nei consigli comunali: non solo seguire con attenzione le evoluzioni della vicenda ma attivarsi in particolare con il Governo nazionale perch\u00e9 operi \u00a0una \u2018 <em>moral suasion\u2019<\/em>\u00a0nei confronti della societ\u00e0, mai come in questo caso legittima e doverosa. Vogliamo alzare \u00a0l\u2019attenzione su una realt\u00e0 occupazionale fondamentale per la lucchesia \u00a0che va in ogni modo preservata e sostenuta nell&#8217;oggi e per il futuro&#8221;<\/p>\n<p>&nbsp;<\/p>\n","protected":false},"excerpt":{"rendered":"<p>Il consigliere regionale Pd e presidente commissione Ambiente e territorio interviene in aula sollecitando l\u2019impegno della Giunta e del Governo su questa vicenda &nbsp; Il caso della Snai di Porcari arriva sui banchi del Consiglio regionale della Toscana, con la mozione di Stefano Baccelli, consigliere regionale Pd e presidente commissione Ambiente e territorio, approvata all\u2019unanimit\u00e0. [&hellip;]<\/p>\n","protected":false},"author":1,"featured_media":14436,"comment_status":"closed","ping_status":"closed","sticky":false,"template":"","format":"standard","meta":{"_jetpack_memberships_contains_paid_content":false,"footnotes":""},"categories":[30,958],"tags":[],"class_list":{"0":"post-14480","1":"post","2":"type-post","3":"status-publish","4":"format-standard","5":"has-post-thumbnail","7":"category-comunicati-stampa","8":"category-stefano-baccelli","9":"czr-hentry"},"jetpack_featured_media_url":"https:\/\/www.gruppopdregionetoscana.it\/web\/wp-content\/uploads\/2016\/11\/snai-Porcari.jpg","jetpack_sharing_enabled":true,"_links":{"self":[{"href":"https:\/\/www.gruppopdregionetoscana.it\/web\/wp-json\/wp\/v2\/posts\/14480","targetHints":{"allow":["GET"]}}],"collection":[{"href":"https:\/\/www.gruppopdregionetoscana.it\/web\/wp-json\/wp\/v2\/posts"}],"about":[{"href":"https:\/\/www.gruppopdregionetoscana.it\/web\/wp-json\/wp\/v2\/types\/post"}],"author":[{"embeddable":true,"href":"https:\/\/www.gruppopdregionetoscana.it\/web\/wp-json\/wp\/v2\/users\/1"}],"replies":[{"embeddable":true,"href":"https:\/\/www.gruppopdregionetoscana.it\/web\/wp-json\/wp\/v2\/comments?post=14480"}],"version-history":[{"count":0,"href":"https:\/\/www.gruppopdregionetoscana.it\/web\/wp-json\/wp\/v2\/posts\/14480\/revisions"}],"wp:featuredmedia":[{"embeddable":true,"href":"https:\/\/www.gruppopdregionetoscana.it\/web\/wp-json\/wp\/v2\/media\/14436"}],"wp:attachment":[{"href":"https:\/\/www.gruppopdregionetoscana.it\/web\/wp-json\/wp\/v2\/media?parent=14480"}],"wp:term":[{"taxonomy":"category","embeddable":true,"href":"https:\/\/www.gruppopdregionetoscana.it\/web\/wp-json\/wp\/v2\/categories?post=14480"},{"taxonomy":"post_tag","embeddable":true,"href":"https:\/\/www.gruppopdregionetoscana.it\/web\/wp-json\/wp\/v2\/tags?post=14480"}],"curies":[{"name":"wp","href":"https:\/\/api.w.org\/{rel}","templated":true}]}}