{"id":14483,"date":"2016-11-09T15:13:10","date_gmt":"2016-11-09T14:13:10","guid":{"rendered":"http:\/\/www.gruppopdregionetoscana.it\/web\/?p=14483"},"modified":"2016-11-09T15:13:10","modified_gmt":"2016-11-09T14:13:10","slug":"consorzio-gruppo-greco-unanimita-del-consiglio-alla-mozione-di-gazzetti-pd-tutelare-i-lavoratori-ed-intensificare-il-confronto-con-sindacati-autorita-portuale-proprieta-e-porto-di-livo","status":"publish","type":"post","link":"https:\/\/www.gruppopdregionetoscana.it\/web\/consorzio-gruppo-greco-unanimita-del-consiglio-alla-mozione-di-gazzetti-pd-tutelare-i-lavoratori-ed-intensificare-il-confronto-con-sindacati-autorita-portuale-proprieta-e-porto-di-livo\/","title":{"rendered":"Consorzio Gruppo Greco, unanimit\u00e0 del Consiglio alla mozione di Gazzetti (Pd) : \u201cTutelare i lavoratori ed intensificare il confronto con sindacati, Autorit\u00e0 portuale, propriet\u00e0 e Porto di Livorno 2000\u201d"},"content":{"rendered":"<p><i><span style=\"color: #000000; font-family: Calibri;\">Il consigliere: \u201cSituazione ormai insostenibile per le lavoratrici e i lavoratori coinvolti\u201d<\/span><\/i><\/p>\n<p><span style=\"font-family: Calibri;\"><b><span style=\"color: #000000;\">Unanimit\u00e0 del Consiglio regionale a sostegno del Gruppo Greco impegnato nella Stazione marittima di Livorno. La mozione che ha trovato l\u2019accordo dell\u2019assemblea di Palazzo Panciatichi \u00e8 stata presentata dal consigliere del Pd Francesco Gazzetti<\/span><\/b><span style=\"color: #000000;\">: \u201cLa situazione che vede coinvolte 11 lavoratrici e 1 lavoratore \u00e8 ormai insostenibile. Chiedo dunque un impegno affinch\u00e9 si tenga alta l\u2019attenzione, si monitorino le condizioni lavorative che ormai da anni affliggono il personale del consorzio Gruppo Greco e si intensifichi un confronto sui possibili scenari futuri con le organizzazioni sindacali, l\u2019Autorit\u00e0 portuale di Livorno, la propriet\u00e0 del consorzio e la Porto di Livorno 2000. La situazione \u2013 ha spiegato Gazzetti intervenendo in aula- dovuta agli ormai cronici ritardi nel pagamento degli stipendi, \u00e8 davvero insostenibile. Da tempo i lavoratori e le lavoratrici che operano presso la Stazione Marittima denunciano una condizione intollerabile ed hanno avviato uno sciopero ad oltranza, che fa seguito ad una lunga mobilitazione che aveva come obiettivo il rispetto del diritto ad una retribuzione puntuale. Si tratta di una vertenza &#8211; aggiunge Gazzetti &#8211; che deve essere seguita con la massima attenzione. Il territorio di Livorno, infatti, non si pu\u00f2 permettere di perdere n\u00e9 uno stipendio n\u00e9 tantomeno un posto di lavoro. Importante \u00e8 l&#8217;opera che sta portando avanti il consigliere del presidente Gianfranco Simoncini che sulla vertenza ha aperto un tavolo ad hoc che torner\u00e0 a riunirsi nelle prossime ore&#8221;. Nell\u2019atto <b>approvato oggi, presentato dal Pd e sottoscritto in aula anche dal gruppo Si Toscana a Sinistra<\/b><\/span><span style=\"color: #000000;\">, si sottolinea come le difficolt\u00e0 dei lavoratori della Stazione marittima si protraggano ormai da anni e che alla data del 15 ottobre risultava che i lavoratori avessero riscosso solo la met\u00e0 della busta paga relativa al mese di agosto di quest\u2019anno. \u201cTutto questo &#8211; conclude Gazzetti &#8211;\u00a0 nonostante che nel luglio del 2015 fosse stato sottoscritto un verbale di accordo in cui la parte datoriale avrebbe garantito il puntuale pagamento degli stipendi e l\u2019impegno a mantenere corrette relazioni sindacali. Con questo voto unanime &#8211; conclude Gazzetti &#8211; il Consiglio Regionale della Toscana, oltre alla richiesta di ulteriore attenzione da parte delle realt\u00e0 coinvolte, ha voluto anche lanciare un messaggio di vicinanza alle lavoratrici ed ai lavoratori coinvolti in questa vicenda&#8221;.<\/span><\/span><\/p>\n<p><b><span style=\"font-family: Calibri;\">\u00a0<\/span><\/b><\/p>\n<p>&nbsp;<\/p>\n","protected":false},"excerpt":{"rendered":"<p>Il consigliere: \u201cSituazione ormai insostenibile per le lavoratrici e i lavoratori coinvolti\u201d Unanimit\u00e0 del Consiglio regionale a sostegno del Gruppo Greco impegnato nella Stazione marittima di Livorno. La mozione che ha trovato l\u2019accordo dell\u2019assemblea di Palazzo Panciatichi \u00e8 stata presentata dal consigliere del Pd Francesco Gazzetti: \u201cLa situazione che vede coinvolte 11 lavoratrici e 1 [&hellip;]<\/p>\n","protected":false},"author":1,"featured_media":14484,"comment_status":"closed","ping_status":"closed","sticky":false,"template":"","format":"standard","meta":{"_jetpack_memberships_contains_paid_content":false,"footnotes":""},"categories":[30,1002],"tags":[105,33,1540,1539],"class_list":{"0":"post-14483","1":"post","2":"type-post","3":"status-publish","4":"format-standard","5":"has-post-thumbnail","7":"category-comunicati-stampa","8":"category-francesco-gazzetti","9":"tag-lavoro","10":"tag-livorno","11":"tag-sindacati-gruppo-greco","12":"tag-stazione-marittima","13":"czr-hentry"},"jetpack_featured_media_url":"https:\/\/www.gruppopdregionetoscana.it\/web\/wp-content\/uploads\/2016\/11\/stazione-marittima-porto-livorno.png","jetpack_sharing_enabled":true,"_links":{"self":[{"href":"https:\/\/www.gruppopdregionetoscana.it\/web\/wp-json\/wp\/v2\/posts\/14483","targetHints":{"allow":["GET"]}}],"collection":[{"href":"https:\/\/www.gruppopdregionetoscana.it\/web\/wp-json\/wp\/v2\/posts"}],"about":[{"href":"https:\/\/www.gruppopdregionetoscana.it\/web\/wp-json\/wp\/v2\/types\/post"}],"author":[{"embeddable":true,"href":"https:\/\/www.gruppopdregionetoscana.it\/web\/wp-json\/wp\/v2\/users\/1"}],"replies":[{"embeddable":true,"href":"https:\/\/www.gruppopdregionetoscana.it\/web\/wp-json\/wp\/v2\/comments?post=14483"}],"version-history":[{"count":0,"href":"https:\/\/www.gruppopdregionetoscana.it\/web\/wp-json\/wp\/v2\/posts\/14483\/revisions"}],"wp:featuredmedia":[{"embeddable":true,"href":"https:\/\/www.gruppopdregionetoscana.it\/web\/wp-json\/wp\/v2\/media\/14484"}],"wp:attachment":[{"href":"https:\/\/www.gruppopdregionetoscana.it\/web\/wp-json\/wp\/v2\/media?parent=14483"}],"wp:term":[{"taxonomy":"category","embeddable":true,"href":"https:\/\/www.gruppopdregionetoscana.it\/web\/wp-json\/wp\/v2\/categories?post=14483"},{"taxonomy":"post_tag","embeddable":true,"href":"https:\/\/www.gruppopdregionetoscana.it\/web\/wp-json\/wp\/v2\/tags?post=14483"}],"curies":[{"name":"wp","href":"https:\/\/api.w.org\/{rel}","templated":true}]}}