{"id":14643,"date":"2016-11-24T16:05:29","date_gmt":"2016-11-24T15:05:29","guid":{"rendered":"http:\/\/www.gruppopdregionetoscana.it\/web\/?p=14643"},"modified":"2016-11-24T16:05:29","modified_gmt":"2016-11-24T15:05:29","slug":"libero-teatro-il-consiglio-regionale-impegna-la-giunta-toscana-a-valorizzare-questa-importante-realta-culturale-approvata-una-mozione-proposta-da-massimo-baldi-la-soddisfazione-di-moreno-fabbri-pr","status":"publish","type":"post","link":"https:\/\/www.gruppopdregionetoscana.it\/web\/libero-teatro-il-consiglio-regionale-impegna-la-giunta-toscana-a-valorizzare-questa-importante-realta-culturale-approvata-una-mozione-proposta-da-massimo-baldi-la-soddisfazione-di-moreno-fabbri-pr\/","title":{"rendered":"Libero Teatro, Il Consiglio regionale impegna la giunta toscana a valorizzare questa importante realt\u00e0 culturale. Approvata una mozione proposta da Massimo Baldi. La soddisfazione di Moreno Fabbri, presidente della UILT Toscana"},"content":{"rendered":"<p><img loading=\"lazy\" decoding=\"async\" class=\"alignleft size-full wp-image-14350\" src=\"http:\/\/www.gruppopdregionetoscana.it\/web\/wp-content\/uploads\/2016\/10\/teatrolibero.jpg\" alt=\"teatrolibero\" width=\"760\" height=\"428\" srcset=\"https:\/\/www.gruppopdregionetoscana.it\/web\/wp-content\/uploads\/2016\/10\/teatrolibero.jpg 760w, https:\/\/www.gruppopdregionetoscana.it\/web\/wp-content\/uploads\/2016\/10\/teatrolibero-300x169.jpg 300w\" sizes=\"auto, (max-width: 760px) 100vw, 760px\" \/>\u201cImpegnare la giunta regionale, nell\u2019ambito della programmazione delle politiche culturali, a valutare la previsione di specifiche iniziative volte a valorizzare e promuovere le rassegne di \u201clibero teatro\u201d quale forma di espressione artistico-culturale non lucrativa finalizzata alla condivisione e allo sviluppo di esperienze di recitazione capaci di rivestire un ruolo sociale, educativo e di recupero\u201d.<\/p>\n<p>Il Consiglio regionale ha approvato ieri pomeriggio una mozione presentata da <strong>Massimo Baldi<\/strong>, consigliere regionale Pd, e sottoscritta anche da <strong>Antonio Mazzeo, Ilaria Giovannetti e Stefano Scaramelli<\/strong>, che intende portare alla ribalta istituzionale le iniziative di \u201clibero teatro\u201d.<\/p>\n<p>\u00abSono particolarmente soddisfatto per la votazione su questa mozione \u2013\u00a0 dice <strong>Massimo Baldi<\/strong>\u00a0 \u2013\u00a0 perch\u00e9 il libero teatro \u00e8 una forma di spettacolo e di cultura che coinvolge da anni migliaia di persone, per lo pi\u00f9 attori e operatori non professionisti, un\u2019attivit\u00e0 diffusa anche in Toscana. Credo che la nostra Regione, da sempre impegnata nella promozione della produzione artistica e dello spettacolo, debba stabilire un filo diretto con questo importante settore che, oltre a un compito culturale, svolge anche una funzione sociale, operando anche in zone disagiate e periferiche, nelle carceri, nei luoghi di cura e nelle scuole, privilegiando per la loro produzione la drammaturgia italiana contemporanea e il teatro dialettale e delle etnie. Grazie a questi \u201cvolontari della cultura\u201d, che operano in associazioni senza fini di lucro, lavori importanti del teatro internazionale vengono diffusi in luoghi e spazi che, altrimenti, non avrebbero questa preziosa opportunit\u00e0. Anche per questi motivi credo sia importante dedicare a questo settore un\u2019attenzione particolare, pensando a iniziative e strumenti concreti di sostegno. Ora \u2013 conclude Baldi \u2013 abbiamo quindi affidato un impegno preciso alla giunta regionale per la valorizzazione del \u201clibero teatro\u201d, anche attraverso la costituzione di un tavolo di confronto tra l\u2019assessorato alla cultura e la Uilt, l\u2019Unione italiana libero teatro, che riunisce sotto la sua sigla ben 845 associazioni e circa 14mila tesserati\u00bb.<\/p>\n<p>Ed \u00e8 proprio il presidente della Uilt Toscana, <strong>Moreno Fabbri<\/strong>, ad esprimere plauso per l\u2019iniziativa di Baldi ed il voto in Consiglio.<\/p>\n<p>\u00abHo appreso con grande soddisfazione \u2013 dice Fabbri \u2013 che il Consiglio Regionale della Toscana ha approvato la mozione. Si tratta di una bella notizia per le numerose compagnie di \u201clibero teatro\u201d che operano in Toscana e per le centinaia di interpreti, registi, tecnici che con grande dedizione e con notevole preparazione operano da molti anni come \u201cvolontari della cultura\u201d, coinvolgendo realt\u00e0 regionali anche periferiche e poco frequentate dagli esponenti della cultura sovvenzionata. In qualit\u00e0 di Presidente della UILT Toscana \u2013 conclude Fabbri \u2013 ringrazio sentitamente il consigliere Massimo Baldi per aver avviato questo processo di valorizzazione del \u201clibero teatro\u201d, e mi auguro che la giunta regionale intraprenda al pi\u00f9 presto le opportune iniziative per dare seguito al dettato della mozione approvata e per offrire alle compagnie toscane il riconoscimento per il lavoro svolto individuando al contempo ulteriori opportunit\u00e0 operative che valorizzino il loro impegno e arricchiscano l&#8217;offerta culturale della nostra regione\u00bb.<\/p>\n<p>&nbsp;<\/p>\n","protected":false},"excerpt":{"rendered":"<p>\u201cImpegnare la giunta regionale, nell\u2019ambito della programmazione delle politiche culturali, a valutare la previsione di specifiche iniziative volte a valorizzare e promuovere le rassegne di \u201clibero teatro\u201d quale forma di espressione artistico-culturale non lucrativa finalizzata alla condivisione e allo sviluppo di esperienze di recitazione capaci di rivestire un ruolo sociale, educativo e di recupero\u201d. Il [&hellip;]<\/p>\n","protected":false},"author":1,"featured_media":14644,"comment_status":"closed","ping_status":"closed","sticky":false,"template":"","format":"standard","meta":{"_jetpack_memberships_contains_paid_content":false,"footnotes":""},"categories":[966,30,965,959,971],"tags":[535,45,534],"class_list":{"0":"post-14643","1":"post","2":"type-post","3":"status-publish","4":"format-standard","5":"has-post-thumbnail","7":"category-antonio-mazzeo","8":"category-comunicati-stampa","9":"category-ilaria-giovannetti","10":"category-massimo-baldi","11":"category-stefano-scaramelli","12":"tag-cultura","13":"tag-pistoia","14":"tag-teatro","15":"czr-hentry"},"jetpack_featured_media_url":"https:\/\/www.gruppopdregionetoscana.it\/web\/wp-content\/uploads\/2016\/11\/liberoteatro.jpg","jetpack_sharing_enabled":true,"_links":{"self":[{"href":"https:\/\/www.gruppopdregionetoscana.it\/web\/wp-json\/wp\/v2\/posts\/14643","targetHints":{"allow":["GET"]}}],"collection":[{"href":"https:\/\/www.gruppopdregionetoscana.it\/web\/wp-json\/wp\/v2\/posts"}],"about":[{"href":"https:\/\/www.gruppopdregionetoscana.it\/web\/wp-json\/wp\/v2\/types\/post"}],"author":[{"embeddable":true,"href":"https:\/\/www.gruppopdregionetoscana.it\/web\/wp-json\/wp\/v2\/users\/1"}],"replies":[{"embeddable":true,"href":"https:\/\/www.gruppopdregionetoscana.it\/web\/wp-json\/wp\/v2\/comments?post=14643"}],"version-history":[{"count":0,"href":"https:\/\/www.gruppopdregionetoscana.it\/web\/wp-json\/wp\/v2\/posts\/14643\/revisions"}],"wp:featuredmedia":[{"embeddable":true,"href":"https:\/\/www.gruppopdregionetoscana.it\/web\/wp-json\/wp\/v2\/media\/14644"}],"wp:attachment":[{"href":"https:\/\/www.gruppopdregionetoscana.it\/web\/wp-json\/wp\/v2\/media?parent=14643"}],"wp:term":[{"taxonomy":"category","embeddable":true,"href":"https:\/\/www.gruppopdregionetoscana.it\/web\/wp-json\/wp\/v2\/categories?post=14643"},{"taxonomy":"post_tag","embeddable":true,"href":"https:\/\/www.gruppopdregionetoscana.it\/web\/wp-json\/wp\/v2\/tags?post=14643"}],"curies":[{"name":"wp","href":"https:\/\/api.w.org\/{rel}","templated":true}]}}