{"id":14706,"date":"2016-12-07T15:33:35","date_gmt":"2016-12-07T14:33:35","guid":{"rendered":"http:\/\/www.gruppopdregionetoscana.it\/web\/?p=14706"},"modified":"2016-12-07T15:33:35","modified_gmt":"2016-12-07T14:33:35","slug":"vendita-di-oggetti-inneggianti-al-fascismo-nardini-e-anselmi-pd-gadget-del-ventennio-non-fanno-parte-del-folklore-scempio-per-la-nostra-storia-e-per-i-nostri-valori","status":"publish","type":"post","link":"https:\/\/www.gruppopdregionetoscana.it\/web\/vendita-di-oggetti-inneggianti-al-fascismo-nardini-e-anselmi-pd-gadget-del-ventennio-non-fanno-parte-del-folklore-scempio-per-la-nostra-storia-e-per-i-nostri-valori\/","title":{"rendered":"Vendita di oggetti inneggianti al fascismo. Nardini e Anselmi (Pd): \u201cGadget del ventennio non fanno parte del folklore. Scempio per la nostra storia e per i nostri valori\u201d"},"content":{"rendered":"<div id=\"attachment_14707\" style=\"width: 392px\" class=\"wp-caption alignleft\"><img loading=\"lazy\" decoding=\"async\" aria-describedby=\"caption-attachment-14707\" class=\"wp-image-14707\" src=\"http:\/\/www.gruppopdregionetoscana.it\/web\/wp-content\/uploads\/2016\/12\/nardini_anselmi.jpg\" alt=\"nardini_anselmi\" width=\"382\" height=\"219\" srcset=\"https:\/\/www.gruppopdregionetoscana.it\/web\/wp-content\/uploads\/2016\/12\/nardini_anselmi.jpg 523w, https:\/\/www.gruppopdregionetoscana.it\/web\/wp-content\/uploads\/2016\/12\/nardini_anselmi-300x172.jpg 300w\" sizes=\"auto, (max-width: 382px) 100vw, 382px\" \/><p id=\"caption-attachment-14707\" class=\"wp-caption-text\"><em>I consiglieri Pd Alessandra Nardini e Gianni Anselmi<\/em><\/p><\/div>\n<p style=\"text-align: left;\" align=\"center\"><i><span style=\"color: #222222;\">La denuncia della vendita, anche in Toscana, di oggettistica inneggiante al fascismo \u00e8 arrivata dai Comitati provinciali dell\u2019Anpi di Pisa e di Livorno che attraverso i consiglieri regionali del territorio chiedono alla Regione di intervenire e prendere posizione: &#8220;Non si tratta di episodi di folklore ma di propaganda pericolosa ed \u00a0offensiva per le nostre comunit\u00e0. Fascismo cre\u00f2 sofferenza non folklore&#8221;<\/span><\/i><\/p>\n<p><span style=\"color: #222222;\">\u201cNon solo a Predappio, anche nelle bancarelle dei mercatini delle pulci e nei negozi della Toscana si trovano gadget e materiale di vario tipo che richiamano ed inneggiano all\u2019ideologia fascista e nazista. L\u2019Anpi ha espresso pi\u00f9 volte preoccupazione, sdegno e sconcerto, per la commercializzazione di questi oggetti. Poche settimane fa i Comitati provinciali dell\u2019Anpi di Pisa e Livorno ci hanno chiesto di intervenire e noi lo facciamo molto volentieri, chiedendo alla Regione Toscana,\u00a0cos\u00ec come ha gi\u00e0 fatto la Regione Emilia Romagna approvando una risoluzione (n.1534\/2016),\u00a0di impegnarsi nelle sedi opportune affinch\u00e9 il<\/span>\u00a0reato di apologia del fascismo venga prontamente inserito all\u2019interno del codice penale, consentendo l\u2019effettiva repressione di reati legati alla riproduzione e alla diffusione di gesti, linguaggi e simboli del fascismo e del nazifascismo e che\u00a0\u00a0il reato di apologia del fascismo venga integrato con la fattispecie relativa alla vendita di oggetti che riportano immagini e slogan riconducibili a questi regimi.\u00a0 La Regione Toscana<span style=\"color: #303030;\">\u00a0riconosce nella Resistenza le proprie radici, e ha adottato come proprio stemma lo stesso che fu del Comitato Toscano di Liberazione Nazionale: il Pegaso; inoltre,\u00a0<\/span>con l&#8217;apposita legge regionale 38\/2002,\u00a0tutela e valorizza il patrimonio storico, politico e culturale dell&#8217;antifascismo e della resistenza e \u00a0promuove una cultura di libert\u00e0, democrazia, pace e collaborazione tra i popoli. <span style=\"color: #222222;\">Proprio per questo auspichiamo che questo atto, sottoscritto anche da molti colleghi del nostro gruppo, sia approvato all\u2019unanimit\u00e0 dal Consiglio Regionale, cos\u00ec come ha fatto, pochi giorni fa con una mozione molto simile, il Consiglio Comunale di Pomarance, Pisa\u201d. <\/span><\/p>\n<p><span style=\"color: #222222;\">\u00c8 quanto chiedono alla Giunta regionale\u00a0<b>Alessandra Nardini<\/b>\u00a0e\u00a0<b>Gianni Anselmi,\u00a0<\/b>consiglieri regionali Pd, attraverso la mozione\u00a0<b>\u201cIn merito alle azioni finalizzate a contrastare la vendita e la diffusione di oggettistica\u201d<\/b>, di cui sono primi firmatari.<\/span><\/p>\n<p style=\"text-align: justify;\"><span style=\"color: #222222;\">\u201cCon questa mozione chiediamo alla Regione Toscana di attivarsi per bloccare questo fenomeno, purtroppo diffusosi anche nei nostri territori. La Toscana si attivi presso il Parlamento affinch\u00e9 la proposta di legge attualmente depositata alla Camera, la n. 3343, che mira ad introdurre nel codice penale una nuova fattispecie di reato che consenta di perseguire \u00a0la diffusione e la vendita \u00a0di beni raffiguranti immagini o simboli fascisti e nazifascisti giunga in Aula e venga finalmente approvata. Una proposta che a nostro avviso ridarebbe dignit\u00e0 a tante realt\u00e0 che vedono sfregiare la propria storia e tradizione antifascista proprio dalla vendita\u00a0 di oggetti, foto, calendari, o altri oggetti inneggianti il regime fascista \u2013 concludono\u00a0<b>Nardini\u00a0<\/b>e<b>\u00a0Anselmi\u00a0<\/b>e \u2013 Ricordiamo che oltretutto, nonostante la legge Scelba consideri reato l\u2019apologia del fascismo, a tutt&#8217;oggi non vi \u00e8 mai stata alcuna condanna in merito poich\u00e9 la norma non risulta essere inserita nel codice penale, un vuoto che genera evidenti difficolt\u00e0 nel contrastare tale fattispecie di reato.\u00a0 La Toscana e l\u2019Emilia Romagna, insieme, facciano sentire la propria voce chiedendo al Parlamento di colmare questo vuoto normativo.<\/span> <span style=\"color: #222222;\">L\u2019obiettivo \u0117 quello di contrastare questi fenomeni, che offendono la coscienza democratica del popolo italiano, e di\u00a0salvaguardare i valori su cui \u00e8 nata la nostra Repubblica, reprimendo ogni tentativo di diffondere l&#8217;apologia di regimi che per le nostre comunit\u00e0 hanno significato, invece, mancanza di libert\u00e0 e tantissima sofferenza. \u00a0Consideriamo uno scempio che chi ha lottato contro il nazi-fascismo per affermare i valori fondativi delle istituzioni democratiche, possa trovare gadget di questo tipo in vendita e, allo stesso modo, li trovino quei giovani verso cui \u00a0abbiamo il dovere di tenere viva la memoria di quelle terribili pagine della nostra storia, ma non certo per esaltarla o negarla, ma per condannarla con forza e determinazione. Quegli oggetti\u00a0non fanno parte del folklore, sono un insulto a tutto questo e come tale la loro diffusione va\u00a0contrastata.&#8221;<\/span><\/p>\n","protected":false},"excerpt":{"rendered":"<p>La denuncia della vendita, anche in Toscana, di oggettistica inneggiante al fascismo \u00e8 arrivata dai Comitati provinciali dell\u2019Anpi di Pisa e di Livorno che attraverso i consiglieri regionali del territorio chiedono alla Regione di intervenire e prendere posizione: &#8220;Non si tratta di episodi di folklore ma di propaganda pericolosa ed \u00a0offensiva per le nostre comunit\u00e0. [&hellip;]<\/p>\n","protected":false},"author":1,"featured_media":14708,"comment_status":"closed","ping_status":"closed","sticky":false,"template":"","format":"standard","meta":{"_jetpack_memberships_contains_paid_content":false,"footnotes":""},"categories":[968,30,957],"tags":[1589,1588,36],"class_list":{"0":"post-14706","1":"post","2":"type-post","3":"status-publish","4":"format-standard","5":"has-post-thumbnail","7":"category-alessandra-nardini","8":"category-comunicati-stampa","9":"category-gianni-anselmi","10":"tag-cimeli","11":"tag-fascismo","12":"tag-toscana","13":"czr-hentry"},"jetpack_featured_media_url":"https:\/\/www.gruppopdregionetoscana.it\/web\/wp-content\/uploads\/2016\/12\/tazza_mussolini_stop.jpg","jetpack_sharing_enabled":true,"_links":{"self":[{"href":"https:\/\/www.gruppopdregionetoscana.it\/web\/wp-json\/wp\/v2\/posts\/14706","targetHints":{"allow":["GET"]}}],"collection":[{"href":"https:\/\/www.gruppopdregionetoscana.it\/web\/wp-json\/wp\/v2\/posts"}],"about":[{"href":"https:\/\/www.gruppopdregionetoscana.it\/web\/wp-json\/wp\/v2\/types\/post"}],"author":[{"embeddable":true,"href":"https:\/\/www.gruppopdregionetoscana.it\/web\/wp-json\/wp\/v2\/users\/1"}],"replies":[{"embeddable":true,"href":"https:\/\/www.gruppopdregionetoscana.it\/web\/wp-json\/wp\/v2\/comments?post=14706"}],"version-history":[{"count":0,"href":"https:\/\/www.gruppopdregionetoscana.it\/web\/wp-json\/wp\/v2\/posts\/14706\/revisions"}],"wp:featuredmedia":[{"embeddable":true,"href":"https:\/\/www.gruppopdregionetoscana.it\/web\/wp-json\/wp\/v2\/media\/14708"}],"wp:attachment":[{"href":"https:\/\/www.gruppopdregionetoscana.it\/web\/wp-json\/wp\/v2\/media?parent=14706"}],"wp:term":[{"taxonomy":"category","embeddable":true,"href":"https:\/\/www.gruppopdregionetoscana.it\/web\/wp-json\/wp\/v2\/categories?post=14706"},{"taxonomy":"post_tag","embeddable":true,"href":"https:\/\/www.gruppopdregionetoscana.it\/web\/wp-json\/wp\/v2\/tags?post=14706"}],"curies":[{"name":"wp","href":"https:\/\/api.w.org\/{rel}","templated":true}]}}