{"id":14750,"date":"2016-12-14T17:46:14","date_gmt":"2016-12-14T16:46:14","guid":{"rendered":"http:\/\/www.gruppopdregionetoscana.it\/web\/?p=14750"},"modified":"2016-12-14T17:51:13","modified_gmt":"2016-12-14T16:51:13","slug":"gruppo-telecom-italia-tim-il-consiglio-regionale-spinge-per-salvaguardare-i-posti-di-lavoro-e-la-presenza-dellazienda-in-toscana","status":"publish","type":"post","link":"https:\/\/www.gruppopdregionetoscana.it\/web\/gruppo-telecom-italia-tim-il-consiglio-regionale-spinge-per-salvaguardare-i-posti-di-lavoro-e-la-presenza-dellazienda-in-toscana\/","title":{"rendered":"Gruppo Telecom Italia-Tim, Il Consiglio regionale spinge per salvaguardare i posti di lavoro e la presenza dell\u2019azienda in Toscana"},"content":{"rendered":"<p>Approvata all&#8217;unanimit\u00e0 mozione presentata in Aula da <strong>Alessandra Nardini<\/strong> (Pd) e sottoscritta anche da <strong>Antonio Mazzeo<\/strong>, <strong>Andrea Pieroni,\u00a0Monia Monni, Francesco Gazzetti<\/strong> e dal capogruppo <strong>Leonardo Marras<\/strong><\/p>\n<p>Il Consiglio regionale ha approvato all&#8217;unanimit\u00e0 una mozione, proposta dai consiglieri Pd <strong>Alessandra Nardini<\/strong>, <strong>Antonio Mazzeo<\/strong>, <strong>Andrea Pieroni, Monia Monni, Francesco Gazzetti <\/strong>e dal capogruppo <strong>Leonardo Marras<\/strong>, sulla situazione dei lavoratori del Gruppo Gruppo Telecom Italia-Tim.<\/p>\n<p>\u00abCon questa mozione \u2013 ha detto Alessandra Nardini presentandola in aula &#8211; chiediamo<strong>\u00a0<\/strong>alla giunta di impegnarsi affinch\u00e9 si salvaguardino i livelli occupazionali degli stabilimenti toscani. Crediamo fermamente che quella dei lavoratori del Gruppo Telecom Italia-Tim e di tutto l\u2019indotto del settore delle telecomunicazione sia una situazione su cui \u00e8 urgente fare chiarezza. Esprimiamo vicinanza e solidariet\u00e0 ai dipendenti e alle loro famiglie che da mesi vivono con incertezza il loro futuro occupazionale. Lo ricordo: si \u0117 parlato di circa 5000 esuberi in tutto il territorio nazionale, con un piano che potrebbe avere, quindi, pesanti ricadute anche in Toscana.\u00a0La crisi aziendale in cui si dibatte da anni il Gruppo \u2013 ha aggiunto Nardini \u2013 ha registrato tanti sacrifici: contratti di solidariet\u00e0, mobilit\u00e0 e riduzioni salariali; condizioni che sono state accettate dai lavoratori con l\u2019obiettivo di vedere rilanciare l\u2019azienda, consapevoli che lo sviluppo e la crescita di un settore strategico come quello delle comunicazioni pu\u00f2 contribuire alla crescita del paese in termini di incremento del PIL.<\/p>\n<p>Le ultime scelte di politica aziendale, invece, hanno portato a disdire la contrattazione aziendale vigente e questo rischia di tradursi in un peggioramento delle condizioni contrattuali.<\/p>\n<p>Tutto ci\u00f2, ovviamente, non pu\u00f2 che destare forte\u00a0preoccupazione sia rispetto alla salvaguardia dei diritti e alla professionalit\u00e0 dei lavoratori del Gruppo, che in merito alla qualit\u00e0 dei servizi offerti all\u2019utenza. Rischiamo gravi ricadute a livello occupazionale, ma anche per lo sviluppo tecnologico di tutta la regione, che costituisce un punto centrale del nuovo Programma di sviluppo 2016-2020.<\/p>\n<p>Ieri \u2013 ha ricordato Nardini \u2013 si \u00e8 tenuto a Firenze\u00a0 l\u2019incontro in Regione richiesto dalle rappresentanze sindacali, con la presenza del consigliere del presidente Rossi per il lavoro, Gianfranco Simoncini, in concomitanza con lo sciopero nazionale. Nell&#8217;incontro \u0117 stato assicurato che la Regione si attiver\u00e0 nei confronti della dirigenza della Tim per sollecitare la riapertura del confronto sindacale sul contratto integrativo e per capire quali siano le prospettive dell\u2019azienda \u0116 stato ribadita, inoltre,\u00a0la necessit\u00e0 di fugare ogni dubbio sul mantenimento dell\u2019attivit\u00e0 in Toscana, la salvaguardia dell\u2019occupazione e la centralit\u00e0 della rete e della manutenzione con l\u2019indotto ad essa collegato. La Regione interverr\u00e0 anche presso il ministero dello Sviluppo Economico per sollecitare l\u2019incontro chiesto dalle organizzazioni sindacali e quindi affrontare la questione a livello nazionale.<\/p>\n<p>Ovviamente \u2013 ha concluso la consigliera \u2013 non possiamo che accogliere favorevolmente l\u2019impegno della Regione che, come sempre, dimostra che il lavoro e la sua salvaguardia restano la sua priorit\u00e0\u00bb.<\/p>\n","protected":false},"excerpt":{"rendered":"<p>Approvata all&#8217;unanimit\u00e0 mozione presentata in Aula da Alessandra Nardini (Pd) e sottoscritta anche da Antonio Mazzeo, Andrea Pieroni,\u00a0Monia Monni, Francesco Gazzetti e dal capogruppo Leonardo Marras Il Consiglio regionale ha approvato all&#8217;unanimit\u00e0 una mozione, proposta dai consiglieri Pd Alessandra Nardini, Antonio Mazzeo, Andrea Pieroni, Monia Monni, Francesco Gazzetti e dal capogruppo Leonardo Marras, sulla situazione [&hellip;]<\/p>\n","protected":false},"author":1,"featured_media":14751,"comment_status":"closed","ping_status":"closed","sticky":false,"template":"","format":"standard","meta":{"_jetpack_memberships_contains_paid_content":false,"footnotes":""},"categories":[968,970,966,30,1002,955],"tags":[],"class_list":{"0":"post-14750","1":"post","2":"type-post","3":"status-publish","4":"format-standard","5":"has-post-thumbnail","7":"category-alessandra-nardini","8":"category-andrea-pieroni","9":"category-antonio-mazzeo","10":"category-comunicati-stampa","11":"category-francesco-gazzetti","12":"category-monia-monni","13":"czr-hentry"},"jetpack_featured_media_url":"https:\/\/www.gruppopdregionetoscana.it\/web\/wp-content\/uploads\/2016\/12\/nardinitim.jpg","jetpack_sharing_enabled":true,"_links":{"self":[{"href":"https:\/\/www.gruppopdregionetoscana.it\/web\/wp-json\/wp\/v2\/posts\/14750","targetHints":{"allow":["GET"]}}],"collection":[{"href":"https:\/\/www.gruppopdregionetoscana.it\/web\/wp-json\/wp\/v2\/posts"}],"about":[{"href":"https:\/\/www.gruppopdregionetoscana.it\/web\/wp-json\/wp\/v2\/types\/post"}],"author":[{"embeddable":true,"href":"https:\/\/www.gruppopdregionetoscana.it\/web\/wp-json\/wp\/v2\/users\/1"}],"replies":[{"embeddable":true,"href":"https:\/\/www.gruppopdregionetoscana.it\/web\/wp-json\/wp\/v2\/comments?post=14750"}],"version-history":[{"count":0,"href":"https:\/\/www.gruppopdregionetoscana.it\/web\/wp-json\/wp\/v2\/posts\/14750\/revisions"}],"wp:featuredmedia":[{"embeddable":true,"href":"https:\/\/www.gruppopdregionetoscana.it\/web\/wp-json\/wp\/v2\/media\/14751"}],"wp:attachment":[{"href":"https:\/\/www.gruppopdregionetoscana.it\/web\/wp-json\/wp\/v2\/media?parent=14750"}],"wp:term":[{"taxonomy":"category","embeddable":true,"href":"https:\/\/www.gruppopdregionetoscana.it\/web\/wp-json\/wp\/v2\/categories?post=14750"},{"taxonomy":"post_tag","embeddable":true,"href":"https:\/\/www.gruppopdregionetoscana.it\/web\/wp-json\/wp\/v2\/tags?post=14750"}],"curies":[{"name":"wp","href":"https:\/\/api.w.org\/{rel}","templated":true}]}}