{"id":14755,"date":"2016-12-15T11:40:19","date_gmt":"2016-12-15T10:40:19","guid":{"rendered":"http:\/\/www.gruppopdregionetoscana.it\/web\/?p=14755"},"modified":"2016-12-15T11:41:36","modified_gmt":"2016-12-15T10:41:36","slug":"turismo-vadi-in-valdarno-puo-essere-volano-per-crescita-economica-e-opportunita-di-lavoro-per-i-giovani","status":"publish","type":"post","link":"https:\/\/www.gruppopdregionetoscana.it\/web\/turismo-vadi-in-valdarno-puo-essere-volano-per-crescita-economica-e-opportunita-di-lavoro-per-i-giovani\/","title":{"rendered":"Turismo, Vadi: \u201cIn Valdarno pu\u00f2 essere volano per crescita economica e opportunit\u00e0 di lavoro per i giovani\u201d"},"content":{"rendered":"<p><em><img loading=\"lazy\" decoding=\"async\" class=\"alignleft size-medium wp-image-12912\" src=\"http:\/\/www.gruppopdregionetoscana.it\/web\/wp-content\/uploads\/2016\/05\/vadi-300x169.png\" alt=\"vadi\" width=\"300\" height=\"169\" \/>Delle opportunit\u00e0 della nuova legge, approvata ieri dall\u2019Assemblea toscana, se ne parler\u00e0 <strong>luned\u00ec 19\u00a0 dicembre, a San Giovanni V.no, <\/strong>durante il convegno<strong> Sviluppare il turismo: \u201cIn Valdarno \u00e8 meglio\u201d, <\/strong>organizzato da Fondazione V.no, dal Comune di San Giovanni V.no e con il Patrocinio della Regione Toscana. Ai lavori parteciper\u00e0 l\u2019assessore regionale,\u00a0<strong>Stefano Ciuoffo<\/strong><\/em><\/p>\n<p><em>\u00a0<\/em><\/p>\n<p>\u201cLa Toscana ha una nuova legge sul turismo. Ieri in Consiglio regionale abbiamo approvato la normativa che fissa regole\u00a0 pi\u00f9 attuali su un settore cruciale della nostra economia; quello sul turismo era un testo che necessitava di essere aggiornato e modernizzato soprattutto a fronte dei\u00a0 mutamenti che hanno interessato questo comparto. Lo abbiamo riformato intervenendo su tre linee guida: delineando una\u00a0<em>governance <\/em>rinnovata e rafforzata, le imprese turistiche e le professioni turistiche. La nuova legge attribuisce alle amministrazioni comunali le funzioni di accoglienza e di informazione turistica in una dimensione di cooperazione e collaborazione sovracomunale, per ambiti territoriali. Inoltre, sempre la norma, permetter\u00e0 la creazione di un prodotto turistico omogeneo, accomunato da medesimi tratti, storici, naturalistici e naturali. I Comuni con caratteristiche peculiari potranno scegliere di associarsi al di l\u00e0 dei confini amministrativi, ottimizzando servizi e beni per rispondere alle esigenze dei flussi.\u00a0Un contesto riformato e dinamico di cui il Valdarno deve cogliere le possibilit\u00e0 di crescita e i giovani le opportunit\u00e0 occupazionali: pensiamo all\u2019incremento dei servizi, delle strutture ricettive delle diverse figure professionali legate al turismo. La legge prevede anche una programmazione ad hoc per la formazione dei professionisti del settore. Vogliamo potenziare questo comparto della nostra economia che ha incrementato del 7% il Pil regionale del 2016,\u00a0 valorizzando un turismo di qualit\u00e0 non solo nelle citt\u00e0 d\u2019arte ma anche nei territori periferici\u201d. E\u2019 quanto dichiara\u00a0<strong>Valentina Vadi<\/strong>, consigliere regionale Pd, a seguito dell\u2019approvazione della legge regionale sul turismo e a pochi giorni dal convegno in materia che si terr\u00e0 a San Giovanni V.no.<\/p>\n<p>&nbsp;<\/p>\n<p>\u201cDi questa legge parleremo luned\u00ec 19 dicembre a San Giovanni V.no, alle ore 17.00 presso Palazzo D\u2019Arnolfo\u00a0 nel corso del convegno\u00a0<strong>Sviluppare il turismo In Valdarno \u00e8 meglio,<\/strong>\u00a0con l\u2019assessore regionale\u00a0<strong>Stefano Ciuoffo<\/strong>,\u00a0<strong>Brunetto Pelagani<\/strong>, presidente Fondazione Valdarno,\u00a0<strong>Maurizio Viligiardi<\/strong>, sindaco di San Giovanni Valdarno,\u00a0<strong>Alessandro Tortelli<\/strong>, direttore centro studi turistici di Firenze, Alberto Peruzzini, Direttore Toscana Promozione \u2013 continua\u00a0<strong>Vadi<\/strong>\u00a0-.\u00a0Sar\u00e0 l\u2019occasione per ribadire la necessit\u00e0 di fare sistema per la promozione di un turismo di vallata, in relazione alla nuova legge e alla necessit\u00e0 che i Comuni collaborino e si impegnino nella prospettiva di lavorare verso un esercizio in forma associata delle funzioni dell\u2019accoglienza e dell\u2019informazione turistica. Un richiesta che da anni viene forte dagli operatori: ora lo consente anche la nuova legge per cui su questa strada, credo, \u00a0si debba muovere la politica in Valdarno. Il turismo pu\u00f2 e deve diventare una risorsa economica dei nostri territori, accanto alla piccola e media impresa, al commercio e al terziario.\u00a0 A fronte dei dati recentemente emersi sulla nostra economica ritengo che sia utile ribadire il bisogno di investire su quegli aspetti da cui emergono opportunit\u00e0 di sviluppo, modernizzazione e internazionalizzazione. Il Valdarno \u00e8 terra ricca di peculiarit\u00e0 produttive e di eccellenze che dobbiamo valorizzare. Il nostro tessuto si distingue per qualit\u00e0 e know how del tessuto occupazionale. Purtroppo, negli ultimi anni, la crisi non ha risparmiato neanche questa porzione di Toscana, i dati sulla provincia di Arezzo del rapporto Excelsior ci dicono che nel 2016 il saldo tra il numero degli ingressi e delle uscite nel mondo del lavoro \u00e8 negativo \u2013 conclude\u00a0<strong>Vadi\u00a0<\/strong>&#8211; \u00a0La circostanza peggiore, anche per i nostri territori, continua ad essere la disoccupazione giovanile. Ma c\u2019\u00e8 un dato che \u00e8 pi\u00f9 che positivo, e che ci vede al primo posto in Italia: quello sull\u2019export. I prodotti della nostra provincia sono apprezzati in tutto il mondo, allo stesso tempo sono apprezzate le nostre bellezze, i nostri presidi culturali e storici, i nostri paesaggi. Per questo export e turismo sono due ingredienti su cui puntare e investire nuove energie e competenze specifiche\u201d.<\/p>\n","protected":false},"excerpt":{"rendered":"<p>Delle opportunit\u00e0 della nuova legge, approvata ieri dall\u2019Assemblea toscana, se ne parler\u00e0 luned\u00ec 19\u00a0 dicembre, a San Giovanni V.no, durante il convegno Sviluppare il turismo: \u201cIn Valdarno \u00e8 meglio\u201d, organizzato da Fondazione V.no, dal Comune di San Giovanni V.no e con il Patrocinio della Regione Toscana. Ai lavori parteciper\u00e0 l\u2019assessore regionale,\u00a0Stefano Ciuoffo \u00a0 \u201cLa Toscana [&hellip;]<\/p>\n","protected":false},"author":1,"featured_media":12912,"comment_status":"closed","ping_status":"closed","sticky":false,"template":"","format":"standard","meta":{"_jetpack_memberships_contains_paid_content":false,"footnotes":""},"categories":[30,974],"tags":[],"class_list":{"0":"post-14755","1":"post","2":"type-post","3":"status-publish","4":"format-standard","5":"has-post-thumbnail","7":"category-comunicati-stampa","8":"category-valentina-vadi","9":"czr-hentry"},"jetpack_featured_media_url":"https:\/\/www.gruppopdregionetoscana.it\/web\/wp-content\/uploads\/2016\/05\/vadi-e1463497688231.png","jetpack_sharing_enabled":true,"_links":{"self":[{"href":"https:\/\/www.gruppopdregionetoscana.it\/web\/wp-json\/wp\/v2\/posts\/14755","targetHints":{"allow":["GET"]}}],"collection":[{"href":"https:\/\/www.gruppopdregionetoscana.it\/web\/wp-json\/wp\/v2\/posts"}],"about":[{"href":"https:\/\/www.gruppopdregionetoscana.it\/web\/wp-json\/wp\/v2\/types\/post"}],"author":[{"embeddable":true,"href":"https:\/\/www.gruppopdregionetoscana.it\/web\/wp-json\/wp\/v2\/users\/1"}],"replies":[{"embeddable":true,"href":"https:\/\/www.gruppopdregionetoscana.it\/web\/wp-json\/wp\/v2\/comments?post=14755"}],"version-history":[{"count":0,"href":"https:\/\/www.gruppopdregionetoscana.it\/web\/wp-json\/wp\/v2\/posts\/14755\/revisions"}],"wp:featuredmedia":[{"embeddable":true,"href":"https:\/\/www.gruppopdregionetoscana.it\/web\/wp-json\/wp\/v2\/media\/12912"}],"wp:attachment":[{"href":"https:\/\/www.gruppopdregionetoscana.it\/web\/wp-json\/wp\/v2\/media?parent=14755"}],"wp:term":[{"taxonomy":"category","embeddable":true,"href":"https:\/\/www.gruppopdregionetoscana.it\/web\/wp-json\/wp\/v2\/categories?post=14755"},{"taxonomy":"post_tag","embeddable":true,"href":"https:\/\/www.gruppopdregionetoscana.it\/web\/wp-json\/wp\/v2\/tags?post=14755"}],"curies":[{"name":"wp","href":"https:\/\/api.w.org\/{rel}","templated":true}]}}