{"id":14802,"date":"2016-12-21T15:42:52","date_gmt":"2016-12-21T14:42:52","guid":{"rendered":"http:\/\/www.gruppopdregionetoscana.it\/web\/?p=14802"},"modified":"2016-12-21T15:47:25","modified_gmt":"2016-12-21T14:47:25","slug":"studenti-infermieristica","status":"publish","type":"post","link":"https:\/\/www.gruppopdregionetoscana.it\/web\/studenti-infermieristica\/","title":{"rendered":"Studenti infermieristica, il Consiglio approva risoluzione. Scaramelli (Pd): \u201cLa Regione continui a sostenere la loro formazione e il loro apporto alla sanit\u00e0 toscana\u201d"},"content":{"rendered":"<p><em>Voto unanime del Consiglio regionale che chiede di ripristinare forme di sostegno economico ai tirocinanti delle professioni sanitarie.<\/em><\/p>\n<div id=\"attachment_14592\" style=\"width: 466px\" class=\"wp-caption alignleft\"><img loading=\"lazy\" decoding=\"async\" aria-describedby=\"caption-attachment-14592\" class=\"wp-image-14592\" src=\"http:\/\/www.gruppopdregionetoscana.it\/web\/wp-content\/uploads\/2016\/11\/scara-infermieri.jpg\" alt=\"scara-infermieri\" width=\"456\" height=\"284\" srcset=\"https:\/\/www.gruppopdregionetoscana.it\/web\/wp-content\/uploads\/2016\/11\/scara-infermieri.jpg 1022w, https:\/\/www.gruppopdregionetoscana.it\/web\/wp-content\/uploads\/2016\/11\/scara-infermieri-300x187.jpg 300w\" sizes=\"auto, (max-width: 456px) 100vw, 456px\" \/><p id=\"caption-attachment-14592\" class=\"wp-caption-text\"><em>l&#8217;incontro tra gli studenti e i membri della commissione Sanit\u00e0<\/em><\/p><\/div>\n<p><strong>Dopo gli impegni assunti dalla commissione Sanit\u00e0<\/strong>, che aveva ricevuto i rappresentanti degli studenti di scienze infermieristiche durante la loro protesta dovuta alla sospensione degli assegni di studio, <strong>arriva anche il via libera con voto unanime alla risoluzione<\/strong>, che vede come primo firmatario il <strong>presidente della Commissione sanit\u00e0 Stefano Scaramelli (Pd)<\/strong> e sottoscritta da tutti i membri della Commissione, con la quale si interviene sulla questione impegnando la Giunta regionale <strong>a valutare il mantenimento degli assegni o l\u2019attivazione di nuove forme di sostegno economico.\u00a0<\/strong><\/p>\n<p>\u201cQuesti studenti, che stanno ultimando il loro percorso con il tirocinio, passano otto ore al giorno all\u2019interno dei nostri ospedali. E anche se lo fanno a titolo formativo, rappresentano un prezioso contributo al buon funzionamento delle strutture ospedaliere della nostra Regione. Tutta la commissione, quindi, in maniera trasversale tra tutte le forze politiche, ha ritenuto doveroso dare una risposta rapida alle loro proteste\u201d. <strong>\u2013 ha dichiarato Stefano Scaramelli (PD), intervenuto in Aula per illustrare l\u2019atto.\u00a0 <\/strong><\/p>\n<div id=\"attachment_14808\" style=\"width: 383px\" class=\"wp-caption alignright\"><img loading=\"lazy\" decoding=\"async\" aria-describedby=\"caption-attachment-14808\" class=\"wp-image-14808\" src=\"http:\/\/www.gruppopdregionetoscana.it\/web\/wp-content\/uploads\/2016\/12\/studenti-infermieristica.jpg\" alt=\"studenti-infermieristica\" width=\"373\" height=\"232\" srcset=\"https:\/\/www.gruppopdregionetoscana.it\/web\/wp-content\/uploads\/2016\/12\/studenti-infermieristica.jpg 589w, https:\/\/www.gruppopdregionetoscana.it\/web\/wp-content\/uploads\/2016\/12\/studenti-infermieristica-300x186.jpg 300w\" sizes=\"auto, (max-width: 373px) 100vw, 373px\" \/><p id=\"caption-attachment-14808\" class=\"wp-caption-text\"><em>la protesta degli studenti di infermieristica a Firenze<\/em><\/p><\/div>\n<p>\u201cNon \u00e8 giusto che non ricevano pi\u00f9 alcun sostegno, e che debbano pagarsi anche servizi come la mensa e il parcheggio. Alla Giunta, chiediamo quindi di verificare la possibilit\u00e0 di ripristinare l\u2019assegno, oppure di introdurre altre forme di sostegno o di rimborso, anche implementando le azioni previste dal progetto GiovaniS\u00ec e mediante l\u2019uso delle risorse del Fondo Sociale Europeo\u201d. <strong>&#8211; ha aggiunto Scaramelli. <\/strong><\/p>\n<p>\u201cInsomma, non possiamo dire agli studenti che la Regione non \u00e8 pi\u00f9 al loro fianco nel percorso di studio e formazione, e non riconoscere il loro contributo alla sanit\u00e0 toscana. La nostra sanit\u00e0 \u00e8 un\u2019eccellenza a livello nazionale, e se vogliamo essere i primi della classe dobbiamo esserlo anche nel modo in cui ci prendiamo cura di quelli che sono i nostri operatori sanitari del futuro. Questo indipendentemente dal fatto che poi lavorino o meno nella sanit\u00e0 toscana, anzi, deve essere per noi motivo di orgoglio il fatto che tanti studenti anche da altre regioni vengano a formarsi da noi nelle professioni sanitarie\u201d. <strong>\u2013 ha proseguito Scaramelli (PD).<\/strong><\/p>\n<p>\u201cQuesti giovani sono una risorsa, e rappresentano un investimento non solo per il futuro, ma anche per il presente, visto che gi\u00e0 svolgono attivit\u00e0 negli ospedali toscani, e sono un patrimonio prezioso che non possiamo disperdere, perch\u00e9 la nostra sanit\u00e0, per restare a livello d\u2019eccellenza, ha bisogno di nuovi professionisti preparati e capaci, energie nuove da far entrare nel\u00a0 sistema sanitario. Adesso, insieme alla Giunta regionale, ci occuperemo degli sviluppi e di individuare insieme le soluzioni migliori in grado di dare agli studenti le risposte che attendono\u201d <strong>\u2013 ha concluso il presidente della commissione sanit\u00e0 Stefano Scaramelli (PD).<\/strong><\/p>\n<p>&nbsp;<\/p>\n","protected":false},"excerpt":{"rendered":"<p>Voto unanime del Consiglio regionale che chiede di ripristinare forme di sostegno economico ai tirocinanti delle professioni sanitarie. Dopo gli impegni assunti dalla commissione Sanit\u00e0, che aveva ricevuto i rappresentanti degli studenti di scienze infermieristiche durante la loro protesta dovuta alla sospensione degli assegni di studio, arriva anche il via libera con voto unanime alla [&hellip;]<\/p>\n","protected":false},"author":1,"featured_media":14592,"comment_status":"closed","ping_status":"closed","sticky":false,"template":"","format":"standard","meta":{"_jetpack_memberships_contains_paid_content":false,"footnotes":""},"categories":[30,971],"tags":[1606,1605,101,222,36],"class_list":{"0":"post-14802","1":"post","2":"type-post","3":"status-publish","4":"format-standard","5":"has-post-thumbnail","7":"category-comunicati-stampa","8":"category-stefano-scaramelli","9":"tag-assegno","10":"tag-infermieristica","11":"tag-sanita","12":"tag-studenti","13":"tag-toscana","14":"czr-hentry"},"jetpack_featured_media_url":"https:\/\/www.gruppopdregionetoscana.it\/web\/wp-content\/uploads\/2016\/11\/scara-infermieri.jpg","jetpack_sharing_enabled":true,"_links":{"self":[{"href":"https:\/\/www.gruppopdregionetoscana.it\/web\/wp-json\/wp\/v2\/posts\/14802","targetHints":{"allow":["GET"]}}],"collection":[{"href":"https:\/\/www.gruppopdregionetoscana.it\/web\/wp-json\/wp\/v2\/posts"}],"about":[{"href":"https:\/\/www.gruppopdregionetoscana.it\/web\/wp-json\/wp\/v2\/types\/post"}],"author":[{"embeddable":true,"href":"https:\/\/www.gruppopdregionetoscana.it\/web\/wp-json\/wp\/v2\/users\/1"}],"replies":[{"embeddable":true,"href":"https:\/\/www.gruppopdregionetoscana.it\/web\/wp-json\/wp\/v2\/comments?post=14802"}],"version-history":[{"count":0,"href":"https:\/\/www.gruppopdregionetoscana.it\/web\/wp-json\/wp\/v2\/posts\/14802\/revisions"}],"wp:featuredmedia":[{"embeddable":true,"href":"https:\/\/www.gruppopdregionetoscana.it\/web\/wp-json\/wp\/v2\/media\/14592"}],"wp:attachment":[{"href":"https:\/\/www.gruppopdregionetoscana.it\/web\/wp-json\/wp\/v2\/media?parent=14802"}],"wp:term":[{"taxonomy":"category","embeddable":true,"href":"https:\/\/www.gruppopdregionetoscana.it\/web\/wp-json\/wp\/v2\/categories?post=14802"},{"taxonomy":"post_tag","embeddable":true,"href":"https:\/\/www.gruppopdregionetoscana.it\/web\/wp-json\/wp\/v2\/tags?post=14802"}],"curies":[{"name":"wp","href":"https:\/\/api.w.org\/{rel}","templated":true}]}}