{"id":14819,"date":"2016-12-21T17:05:08","date_gmt":"2016-12-21T16:05:08","guid":{"rendered":"http:\/\/www.gruppopdregionetoscana.it\/web\/?p=14819"},"modified":"2016-12-21T17:05:08","modified_gmt":"2016-12-21T16:05:08","slug":"bilancio-anselmi-pd-oltre-1milione-di-euro-per-garantire-la-continuita-territoriale-dellelba","status":"publish","type":"post","link":"https:\/\/www.gruppopdregionetoscana.it\/web\/bilancio-anselmi-pd-oltre-1milione-di-euro-per-garantire-la-continuita-territoriale-dellelba\/","title":{"rendered":"Bilancio, Anselmi (PD): \u201cOltre 1milione di euro per garantire la continuit\u00e0 territoriale dell\u2019Elba\u201d"},"content":{"rendered":"<p>\u201cL\u2019aeroporto di Campo nell&#8217;Elba, come pi\u00f9 volte ribadito, \u00e8 cruciale per la qualit\u00e0 della vita, lo sviluppo e le prospettive economiche dell\u2019intero territorio elbano e come gruppo PD abbiamo sostenuto con forza e votato il prolungamento al prossimo triennio il contributo straordinario destinato all\u2019Ente nazionale per l\u2019aviazione civile per garantire la continuit\u00e0 territoriale dell\u2019Isola con il territorio regionale. Lo stanziamento complessivo ammonta ad 1.050.000 euro, cos\u00ec suddivisi: 277.203,62mila euro nel 2017, 350mila euro nel 2018 e 350mila euro nei 2019, ai quali si aggiungono 72.796,38 euro per il 2017, che corrispondono al 20% del contributo previsto per il 2016 che sar\u00e0 liquidato a rendicontazione delle spese sostenute per l&#8217;effettuazione dei collegamenti aerei. Nel 2020 sar\u00e0 assicurato il saldo relativo al 2019 fino a 72.796,38 euro. Investire nelle infrastrutture e, in questo caso, contribuire concretamente all\u2019efficienza dello scalo garantendo, con finanziamenti dedicati, collegamenti aerei regolari, continuativi ed adeguati al flusso di passeggeri, \u00e8 una priorit\u00e0 della Regione e un segno chiaro della rinnovata attenzione per l&#8217;offerta turistica e la mobilit\u00e0 in generale da e verso l\u2019Elba\u201d.<\/p>\n<p>Cos\u00ec <strong>Gianni Anselmi<\/strong>, consigliere regionale PD e presidente commissione Sviluppo economico, commentando lo stanziamento di 1.050.000euro in tre anni per garantire la continuit\u00e0 territoriale dell\u2019Elba attraverso l\u2019aeroporto di Campo.<\/p>\n","protected":false},"excerpt":{"rendered":"<p>\u201cL\u2019aeroporto di Campo nell&#8217;Elba, come pi\u00f9 volte ribadito, \u00e8 cruciale per la qualit\u00e0 della vita, lo sviluppo e le prospettive economiche dell\u2019intero territorio elbano e come gruppo PD abbiamo sostenuto con forza e votato il prolungamento al prossimo triennio il contributo straordinario destinato all\u2019Ente nazionale per l\u2019aviazione civile per garantire la continuit\u00e0 territoriale dell\u2019Isola con [&hellip;]<\/p>\n","protected":false},"author":1,"featured_media":14460,"comment_status":"closed","ping_status":"closed","sticky":false,"template":"","format":"standard","meta":{"_jetpack_memberships_contains_paid_content":false,"footnotes":""},"categories":[30,957],"tags":[],"class_list":{"0":"post-14819","1":"post","2":"type-post","3":"status-publish","4":"format-standard","5":"has-post-thumbnail","7":"category-comunicati-stampa","8":"category-gianni-anselmi","9":"czr-hentry"},"jetpack_featured_media_url":"https:\/\/www.gruppopdregionetoscana.it\/web\/wp-content\/uploads\/2016\/11\/elba.jpg","jetpack_sharing_enabled":true,"_links":{"self":[{"href":"https:\/\/www.gruppopdregionetoscana.it\/web\/wp-json\/wp\/v2\/posts\/14819","targetHints":{"allow":["GET"]}}],"collection":[{"href":"https:\/\/www.gruppopdregionetoscana.it\/web\/wp-json\/wp\/v2\/posts"}],"about":[{"href":"https:\/\/www.gruppopdregionetoscana.it\/web\/wp-json\/wp\/v2\/types\/post"}],"author":[{"embeddable":true,"href":"https:\/\/www.gruppopdregionetoscana.it\/web\/wp-json\/wp\/v2\/users\/1"}],"replies":[{"embeddable":true,"href":"https:\/\/www.gruppopdregionetoscana.it\/web\/wp-json\/wp\/v2\/comments?post=14819"}],"version-history":[{"count":0,"href":"https:\/\/www.gruppopdregionetoscana.it\/web\/wp-json\/wp\/v2\/posts\/14819\/revisions"}],"wp:featuredmedia":[{"embeddable":true,"href":"https:\/\/www.gruppopdregionetoscana.it\/web\/wp-json\/wp\/v2\/media\/14460"}],"wp:attachment":[{"href":"https:\/\/www.gruppopdregionetoscana.it\/web\/wp-json\/wp\/v2\/media?parent=14819"}],"wp:term":[{"taxonomy":"category","embeddable":true,"href":"https:\/\/www.gruppopdregionetoscana.it\/web\/wp-json\/wp\/v2\/categories?post=14819"},{"taxonomy":"post_tag","embeddable":true,"href":"https:\/\/www.gruppopdregionetoscana.it\/web\/wp-json\/wp\/v2\/tags?post=14819"}],"curies":[{"name":"wp","href":"https:\/\/api.w.org\/{rel}","templated":true}]}}