{"id":14852,"date":"2016-12-30T12:37:43","date_gmt":"2016-12-30T11:37:43","guid":{"rendered":"http:\/\/www.gruppopdregionetoscana.it\/web\/?p=14852"},"modified":"2016-12-30T12:37:43","modified_gmt":"2016-12-30T11:37:43","slug":"esenzione-ticket-per-disoccupati-e-cassintegrati-confermata-per-il-2017-la-soddisfazione-di-lucia-de-robertis","status":"publish","type":"post","link":"https:\/\/www.gruppopdregionetoscana.it\/web\/esenzione-ticket-per-disoccupati-e-cassintegrati-confermata-per-il-2017-la-soddisfazione-di-lucia-de-robertis\/","title":{"rendered":"Esenzione ticket per disoccupati e cassintegrati confermata per il 2017, la soddisfazione di Lucia De Robertis"},"content":{"rendered":"<p><strong><img loading=\"lazy\" decoding=\"async\" class=\"size-full wp-image-9995 alignleft\" src=\"http:\/\/www.gruppopdregionetoscana.it\/web\/wp-content\/uploads\/2015\/07\/de-robertis.jpg\" alt=\"de-robertis\" width=\"298\" height=\"298\" srcset=\"https:\/\/www.gruppopdregionetoscana.it\/web\/wp-content\/uploads\/2015\/07\/de-robertis.jpg 298w, https:\/\/www.gruppopdregionetoscana.it\/web\/wp-content\/uploads\/2015\/07\/de-robertis-150x150.jpg 150w, https:\/\/www.gruppopdregionetoscana.it\/web\/wp-content\/uploads\/2015\/07\/de-robertis-66x66.jpg 66w\" sizes=\"auto, (max-width: 298px) 100vw, 298px\" \/><\/strong><em>La vicepresidente del Consiglio regionale commenta positivamente la delibera dell\u2019assessore Saccardi approvata nel corso dell\u2019ultima giunta<\/em><\/p>\n<p>&nbsp;<\/p>\n<p>Confermato fino al 31 dicembre 2017 il riconoscimento dell&#8217;esenzione dalla partecipazione alla spesa per le prestazioni specialistiche ambulatoriali (ticket) per i lavoratori disoccupati, in cassa integrazione e in mobilit\u00e0 residenti in Toscana e per i loro familiari a carico; a stabilirlo una delibera presentata dall&#8217;assessore al diritto alla salute e al sociale Stefania Saccardi e approvata dalla Giunta nel corso dell&#8217;ultima seduta del 2016. Plauso da parte di <strong>Lucia De Robertis<\/strong>, consigliera regionale Pd e vicepresidente dell\u2019assemblea toscana.<\/p>\n<p>\u201cLa Regione Toscana si conferma ancora una volta dalla parte di chi \u00e8 pi\u00f9 in difficolt\u00e0 e di chi vive maggiormente sulla propria pelle le conseguenze di una congiuntura ancora complessa. \u2013 commenta la consigliera De Robertis \u2013 Giusta e sacrosanta quindi la scelta di prolungare per tutto il 2017 queste misure straordinarie di sostegno a lavoratori colpiti dalla crisi economica, misure che senza dubbio consentono un pi\u00f9 semplice accesso alle cure e alla fruizione delle prestazioni specialistiche ambulatoriali. Non lasciare mai indietro nessuno, farsi carico di chi \u00e8 pi\u00f9 debole, di chi \u00e8 in difficolt\u00e0: questo \u00e8 un compito prioritario delle istituzioni, in questo senso va la delibera appena approvata, di cui ringrazio l\u2019assessore Saccardi, sempre in prima linea per la tutela della salute dei toscani\u201d.<\/p>\n","protected":false},"excerpt":{"rendered":"<p>La vicepresidente del Consiglio regionale commenta positivamente la delibera dell\u2019assessore Saccardi approvata nel corso dell\u2019ultima giunta &nbsp; Confermato fino al 31 dicembre 2017 il riconoscimento dell&#8217;esenzione dalla partecipazione alla spesa per le prestazioni specialistiche ambulatoriali (ticket) per i lavoratori disoccupati, in cassa integrazione e in mobilit\u00e0 residenti in Toscana e per i loro familiari a [&hellip;]<\/p>\n","protected":false},"author":1,"featured_media":9995,"comment_status":"closed","ping_status":"closed","sticky":false,"template":"","format":"standard","meta":{"_jetpack_memberships_contains_paid_content":false,"footnotes":""},"categories":[30,633],"tags":[1610,101,140],"class_list":{"0":"post-14852","1":"post","2":"type-post","3":"status-publish","4":"format-standard","5":"has-post-thumbnail","7":"category-comunicati-stampa","8":"category-notizie-lucia-de-robertis","9":"tag-esenzioni","10":"tag-sanita","11":"tag-ticket","12":"czr-hentry"},"jetpack_featured_media_url":"https:\/\/www.gruppopdregionetoscana.it\/web\/wp-content\/uploads\/2015\/07\/de-robertis.jpg","jetpack_sharing_enabled":true,"_links":{"self":[{"href":"https:\/\/www.gruppopdregionetoscana.it\/web\/wp-json\/wp\/v2\/posts\/14852","targetHints":{"allow":["GET"]}}],"collection":[{"href":"https:\/\/www.gruppopdregionetoscana.it\/web\/wp-json\/wp\/v2\/posts"}],"about":[{"href":"https:\/\/www.gruppopdregionetoscana.it\/web\/wp-json\/wp\/v2\/types\/post"}],"author":[{"embeddable":true,"href":"https:\/\/www.gruppopdregionetoscana.it\/web\/wp-json\/wp\/v2\/users\/1"}],"replies":[{"embeddable":true,"href":"https:\/\/www.gruppopdregionetoscana.it\/web\/wp-json\/wp\/v2\/comments?post=14852"}],"version-history":[{"count":0,"href":"https:\/\/www.gruppopdregionetoscana.it\/web\/wp-json\/wp\/v2\/posts\/14852\/revisions"}],"wp:featuredmedia":[{"embeddable":true,"href":"https:\/\/www.gruppopdregionetoscana.it\/web\/wp-json\/wp\/v2\/media\/9995"}],"wp:attachment":[{"href":"https:\/\/www.gruppopdregionetoscana.it\/web\/wp-json\/wp\/v2\/media?parent=14852"}],"wp:term":[{"taxonomy":"category","embeddable":true,"href":"https:\/\/www.gruppopdregionetoscana.it\/web\/wp-json\/wp\/v2\/categories?post=14852"},{"taxonomy":"post_tag","embeddable":true,"href":"https:\/\/www.gruppopdregionetoscana.it\/web\/wp-json\/wp\/v2\/tags?post=14852"}],"curies":[{"name":"wp","href":"https:\/\/api.w.org\/{rel}","templated":true}]}}