{"id":14854,"date":"2016-12-30T15:16:08","date_gmt":"2016-12-30T14:16:08","guid":{"rendered":"http:\/\/www.gruppopdregionetoscana.it\/web\/?p=14854"},"modified":"2016-12-30T15:16:08","modified_gmt":"2016-12-30T14:16:08","slug":"fi-pi-li-e-la-voragine-di-via-quaglierini-gazzetti-pd-bene-il-bando-per-il-ripristino-primo-passo-verso-la-risoluzione-di-un-annoso-problema","status":"publish","type":"post","link":"https:\/\/www.gruppopdregionetoscana.it\/web\/fi-pi-li-e-la-voragine-di-via-quaglierini-gazzetti-pd-bene-il-bando-per-il-ripristino-primo-passo-verso-la-risoluzione-di-un-annoso-problema\/","title":{"rendered":"Fi-Pi-Li e la &#8220;voragine&#8221; di via Quaglierini, Gazzetti (Pd): \u201cBene il bando per il ripristino, primo passo verso la risoluzione di un annoso problema&#8221;"},"content":{"rendered":"<p><i><span style=\"color: #000000; font-family: Calibri;\">Il consigliere ringrazia la Giunta per avere accolto le sollecitazioni: \u201cSi tratta di dotazioni infrastrutturali indispensabili per la viabilit\u00e0 e l\u2019economia\u201d<\/span><\/i><\/p>\n<p><i><span style=\"color: #000000; font-family: Calibri;\">\u00a0&#8220;<\/span><\/i><span style=\"font-family: Calibri;\"><span style=\"color: #000000;\">Un passo avanti importante, una bella notizia attesa sia dalla citt\u00e0 che dalla comunit\u00e0 portuale&#8221;. Cos\u00ec il <b>consigliere regionale del Pd Francesco Gazzetti<\/b><\/span><span style=\"color: #000000;\"> commenta la pubblicazione del bando per l\u2019individuazione della ditta che realizzer\u00e0 l\u2019intervento per la sistemazione della Sgc Fi-Pi-Li all\u2019altezza dello svincolo di via Quaglierini. \u201cRingrazio l\u2019assessore Ceccarelli &#8211; spiega Gazzetti- che insieme agli uffici ha sempre raccolto e risposto prontamente alle sollecitazione da me fatte in questi mesi e che avevano l\u2019obiettivo di richiamare l&#8217;attenzione sulla necessit\u00e0 di risolvere un problema che si trascina dal 2008. Ripristinare in maniera definitiva la viabilit\u00e0 di penetrazione al porto della FiPiLi \u00e8 davvero una priorit\u00e0, quella buca, quella voragine era diventata intollerabile. L&#8217;intervento voluto dalla Regione (la competenza attuativa \u00e8 divenuta regionale dal 2016 ndr) \u00e8 davvero fondamentale sia per il settore economico-produttivo ma anche per la viabilit\u00e0 e la sicurezza stradale in genere. Sono molto contento &#8211; aggiunge Gazzetti &#8211; che sia stato pubblicato il bando e che l&#8217;assessore abbia indicato tempi certi. Dalla nota dell&#8217;assessorato apprendiamo, infatti, che l&#8217;intervento \u00e8 stato finanziato per 2.370.000 euro dalla Regione Toscana\u00a0e per 1 milione dalla Provincia di Livorno. L&#8217;aggiudicazione e l&#8217;inizio\u00a0dei lavori dovranno avvenire entro <\/span><\/span><span style=\"color: #000000;\"><span style=\"font-family: 'Arial','sans-serif'; font-size: 14pt;\">\u202a<\/span><span style=\"font-family: Calibri;\">il 15 giugno 2017, l&#8217;esecuzione entro\u00a0<\/span><span style=\"font-family: 'Arial','sans-serif'; font-size: 14pt;\">\u202a<\/span><span style=\"font-family: Calibri;\">il 15 giugno 2018 ed il collaudo dell&#8217;opera entro la fine dello stesso 2018. <\/span><\/span><span style=\"color: #000000; font-family: Calibri;\">&#8220;Una tabella di marcia che andr\u00e0 rispettata &#8211; aggiunge il consigliere\u00a0 &#8211; e su questo vigileremo con grande scrupolo&#8221;. Gazzetti aveva <\/span><span style=\"color: #000000; font-family: Calibri;\">riportato l\u2019attenzione sull\u2019intera vicenda presentando un\u2019interrogazione a risposta scritta in cui si chiedeva la soluzione di una situazione che risaliva al marzo 2008, quando il cedimento provoc\u00f2 una voragine nella rampa di accesso all\u2019asse di penetrazione proprio in corrispondenza dello svincolo su via Quaglierini che fu immediatamente chiusa. \u201cCome pi\u00f9 volte ribadito \u2013 conclude Gazzetti- si tratta di un\u2019opera indispensabile per completare la dotazione viaria a corredo del porto di Livorno e per implementare le connessioni con Pisa e la Toscana centrale con una superstrada simbolo di una regione nella quale opportunit\u00e0 ed occasioni di sviluppo siano sempre pi\u00f9 <\/span><span style=\"color: #000000; font-family: Calibri;\">condivise e trasversali ai singoli territori&#8221;<\/span><\/p>\n<p>&nbsp;<\/p>\n","protected":false},"excerpt":{"rendered":"<p>Il consigliere ringrazia la Giunta per avere accolto le sollecitazioni: \u201cSi tratta di dotazioni infrastrutturali indispensabili per la viabilit\u00e0 e l\u2019economia\u201d \u00a0&#8220;Un passo avanti importante, una bella notizia attesa sia dalla citt\u00e0 che dalla comunit\u00e0 portuale&#8221;. Cos\u00ec il consigliere regionale del Pd Francesco Gazzetti commenta la pubblicazione del bando per l\u2019individuazione della ditta che realizzer\u00e0 [&hellip;]<\/p>\n","protected":false},"author":1,"featured_media":13431,"comment_status":"closed","ping_status":"closed","sticky":false,"template":"","format":"standard","meta":{"_jetpack_memberships_contains_paid_content":false,"footnotes":""},"categories":[30,1002],"tags":[544,33,1611],"class_list":{"0":"post-14854","1":"post","2":"type-post","3":"status-publish","4":"format-standard","5":"has-post-thumbnail","7":"category-comunicati-stampa","8":"category-francesco-gazzetti","9":"tag-fi-pi-li","10":"tag-livorno","11":"tag-quaglierini","12":"czr-hentry"},"jetpack_featured_media_url":"https:\/\/www.gruppopdregionetoscana.it\/web\/wp-content\/uploads\/2016\/07\/Francesco2.jpg","jetpack_sharing_enabled":true,"_links":{"self":[{"href":"https:\/\/www.gruppopdregionetoscana.it\/web\/wp-json\/wp\/v2\/posts\/14854","targetHints":{"allow":["GET"]}}],"collection":[{"href":"https:\/\/www.gruppopdregionetoscana.it\/web\/wp-json\/wp\/v2\/posts"}],"about":[{"href":"https:\/\/www.gruppopdregionetoscana.it\/web\/wp-json\/wp\/v2\/types\/post"}],"author":[{"embeddable":true,"href":"https:\/\/www.gruppopdregionetoscana.it\/web\/wp-json\/wp\/v2\/users\/1"}],"replies":[{"embeddable":true,"href":"https:\/\/www.gruppopdregionetoscana.it\/web\/wp-json\/wp\/v2\/comments?post=14854"}],"version-history":[{"count":0,"href":"https:\/\/www.gruppopdregionetoscana.it\/web\/wp-json\/wp\/v2\/posts\/14854\/revisions"}],"wp:featuredmedia":[{"embeddable":true,"href":"https:\/\/www.gruppopdregionetoscana.it\/web\/wp-json\/wp\/v2\/media\/13431"}],"wp:attachment":[{"href":"https:\/\/www.gruppopdregionetoscana.it\/web\/wp-json\/wp\/v2\/media?parent=14854"}],"wp:term":[{"taxonomy":"category","embeddable":true,"href":"https:\/\/www.gruppopdregionetoscana.it\/web\/wp-json\/wp\/v2\/categories?post=14854"},{"taxonomy":"post_tag","embeddable":true,"href":"https:\/\/www.gruppopdregionetoscana.it\/web\/wp-json\/wp\/v2\/tags?post=14854"}],"curies":[{"name":"wp","href":"https:\/\/api.w.org\/{rel}","templated":true}]}}