{"id":14857,"date":"2017-01-03T16:39:49","date_gmt":"2017-01-03T15:39:49","guid":{"rendered":"http:\/\/www.gruppopdregionetoscana.it\/web\/?p=14857"},"modified":"2017-01-03T16:39:49","modified_gmt":"2017-01-03T15:39:49","slug":"sollicciano-delegazione-consigliere-pd-in-visita-alla-sezione-femminile-e-tempo-di-interventi-e-progetti-torneremo-per-verificare-quello-che-si-e-fatto","status":"publish","type":"post","link":"https:\/\/www.gruppopdregionetoscana.it\/web\/sollicciano-delegazione-consigliere-pd-in-visita-alla-sezione-femminile-e-tempo-di-interventi-e-progetti-torneremo-per-verificare-quello-che-si-e-fatto\/","title":{"rendered":"Sollicciano, Delegazione consigliere Pd in visita alla sezione femminile. \u201cE\u2019 tempo di interventi e progetti. Torneremo per verificare quello che si \u00e8 fatto\u201d"},"content":{"rendered":"<p style=\"margin: 0cm; margin-bottom: .0001pt;\"><span style=\"font-size: 14.0pt;\">La vicecapogruppo Monia Monni, le consigliere Ilaria Giovanetti, Alessandra Nardini, Serena Spinelli, Valentina Vadi, ed il consigliere Francesco Gazzetti, hanno anche incontrato la direttrice della struttura fiorentina.<\/span><\/p>\n<p style=\"margin: 0cm; margin-bottom: .0001pt;\">\n<p style=\"margin: 0cm; margin-bottom: .0001pt;\"><img loading=\"lazy\" decoding=\"async\" class=\"alignleft wp-image-14858 size-medium\" src=\"http:\/\/www.gruppopdregionetoscana.it\/web\/wp-content\/uploads\/2017\/01\/Sollicciano1-300x225.jpg\" alt=\"sollicciano1\" width=\"300\" height=\"225\" srcset=\"https:\/\/www.gruppopdregionetoscana.it\/web\/wp-content\/uploads\/2017\/01\/Sollicciano1-300x225.jpg 300w, https:\/\/www.gruppopdregionetoscana.it\/web\/wp-content\/uploads\/2017\/01\/Sollicciano1.jpg 900w\" sizes=\"auto, (max-width: 300px) 100vw, 300px\" \/>La condizione carceraria, in particolare quella delle donne, sono state al centro della prima iniziativa dell\u2019anno del gruppo Pd in Regione. Sei consiglieri regionali \u2013 la vicecapogruppo <b>Monia Monni<\/b>, le <b>consigliere Ilaria Giovanetti, Alessandra Nardini, Serena Spinelli, Valentina Vadi<\/b>, ed il consigliere <b>Francesco Gazzetti <\/b>\u2013 si sono recati questa mattina alla sezione femminile del carcere fiorentino di Sollicciano, portando un piccolo dono a tutte le detenute. La visita rientra nel progetto \u201cIl Posto delle Donne\u201d promosso proprio dal gruppo del Pd e varata nel 2016 in occasione del 70\u00b0 anniversario del voto delle donne in Italia.<\/p>\n<p style=\"margin: 0cm; margin-bottom: .0001pt;\">La delegazione Pd si \u00e8 incontrata con l\u2019attuale direttrice del carcere, Loredana Stefanelli.<\/p>\n<p style=\"margin: 0cm; margin-bottom: .0001pt;\">\u00abEravamo gi\u00e0 state a Sollicciano a maggio &#8211; spiegano le consigliere regionali del Pd &#8211; ed in quella occasione avevamo preso un impegno, tornare e cos\u00ec abbiamo fatto. Siamo tornate sia per portare un piccolo dono alle detenute (dei dolci natalizi ndr) e soprattutto per conoscere la nuova direttrice. \u00c8 stato anche il modo per fare il punto sulle condizioni della struttura. Purtroppo abbiamo appreso che i lavori sono fermi\u00a0 \u2013 aggiungono le consigliere Pd\u00a0 \u2013\u00a0 e questo nonostante ci siano 3 milioni di euro stanziati proprio per lavori urgenti, fra cui il rifacimento delle coperture delle sezioni e della facciate degli edifici che per portare le docce con acqua calda dentro le celle.<\/p>\n<p style=\"margin: 0cm; margin-bottom: .0001pt;\">Abbiamo comunque apprezzato &#8211; sottolineano le consigliere Pd &#8211; la grande attenzione della dottoressa Stefanelli e in generale del personale, che hanno in piedi tanti progetti e che s&#8217;impegnano facendo fronte alle molte necessit\u00e0 e problematiche che derivano anche da una struttura che necessit\u00e0 di interventi indifferibili\u00bb.<\/p>\n<p style=\"margin: 0cm; margin-bottom: .0001pt;\">Ma l&#8217;attenzione delle consigliere del Pd non si \u00e8 concentrata soltanto sugli aspetti strutturali. \u00abCi sembra importante &#8211; hanno infatti dichiarato uscendo dal carcere di Sollicciano &#8211; impegnarci per favorire attivit\u00e0 e progetti che puntino al reinserimento lavorativo. Per questo &#8211; hanno annunciato &#8211; cercheremo strumenti e modalit\u00e0 per favorire l\u2019incontro tra domanda e offerta di lavoro rivolto al reinserimento delle detenute\u00bb.<\/p>\n<p style=\"margin: 0cm; margin-bottom: .0001pt;\">\u00abL\u2019obiettivo generale \u2013 hanno concluso le consigliere che hanno anche visitato la sezione femminile incontrando alcune detenute\u00a0 \u2013 rimane quello della battaglia per rendere la condizione di vita carceraria una condizione di vita dignitosa e, in questo senso, anche lo sviluppo di occasioni di lavoro per i detenuti pu\u00f2 rappresentare una chiave di volta per il presente e per il futuro\u00bb.<\/p>\n<p style=\"margin: 0cm; margin-bottom: .0001pt;\">Durante l\u2019incontro con la direttrice Stefanelli, oltre ai problemi esposti dai consiglieri all\u2019uscita, \u00e8 stato inoltre reso noto che \u00e8 in procinto di partire una sezione femminile per la tutela della salute mentale ed \u00e8 stata posta la necessita di avere mediatori culturali stabili all\u2019interno della struttura. Attualmente, infatti, le prestazioni sono lodevolmente finanziate dalla \u201cTavola Valdese\u201d. Il numero delle richieste sono per\u00f2 in costante aumento e dunque servono interventi per implementare e strutturare questo servizio.<\/p>\n<p style=\"margin: 0cm; margin-bottom: .0001pt;\">\u00abTorneremo ancora a Sollicciano &#8211; annunciano le consigliere del Pd &#8211; anche questo \u00e8 un impegno che prendiamo con la direzione, il personale e le detenute. Le cose da fare sono, infatti, molte e sar\u00e0 importante seguirne l&#8217;evoluzione\u00bb.<\/p>\n","protected":false},"excerpt":{"rendered":"<p>La vicecapogruppo Monia Monni, le consigliere Ilaria Giovanetti, Alessandra Nardini, Serena Spinelli, Valentina Vadi, ed il consigliere Francesco Gazzetti, hanno anche incontrato la direttrice della struttura fiorentina. La condizione carceraria, in particolare quella delle donne, sono state al centro della prima iniziativa dell\u2019anno del gruppo Pd in Regione. Sei consiglieri regionali \u2013 la vicecapogruppo Monia [&hellip;]<\/p>\n","protected":false},"author":1,"featured_media":14859,"comment_status":"closed","ping_status":"closed","sticky":false,"template":"","format":"standard","meta":{"_jetpack_memberships_contains_paid_content":false,"footnotes":""},"categories":[968,30,1002,965,955,974],"tags":[],"class_list":{"0":"post-14857","1":"post","2":"type-post","3":"status-publish","4":"format-standard","5":"has-post-thumbnail","7":"category-alessandra-nardini","8":"category-comunicati-stampa","9":"category-francesco-gazzetti","10":"category-ilaria-giovannetti","11":"category-monia-monni","12":"category-valentina-vadi","13":"czr-hentry"},"jetpack_featured_media_url":"https:\/\/www.gruppopdregionetoscana.it\/web\/wp-content\/uploads\/2017\/01\/Sollicciano2.jpg","jetpack_sharing_enabled":true,"_links":{"self":[{"href":"https:\/\/www.gruppopdregionetoscana.it\/web\/wp-json\/wp\/v2\/posts\/14857","targetHints":{"allow":["GET"]}}],"collection":[{"href":"https:\/\/www.gruppopdregionetoscana.it\/web\/wp-json\/wp\/v2\/posts"}],"about":[{"href":"https:\/\/www.gruppopdregionetoscana.it\/web\/wp-json\/wp\/v2\/types\/post"}],"author":[{"embeddable":true,"href":"https:\/\/www.gruppopdregionetoscana.it\/web\/wp-json\/wp\/v2\/users\/1"}],"replies":[{"embeddable":true,"href":"https:\/\/www.gruppopdregionetoscana.it\/web\/wp-json\/wp\/v2\/comments?post=14857"}],"version-history":[{"count":0,"href":"https:\/\/www.gruppopdregionetoscana.it\/web\/wp-json\/wp\/v2\/posts\/14857\/revisions"}],"wp:featuredmedia":[{"embeddable":true,"href":"https:\/\/www.gruppopdregionetoscana.it\/web\/wp-json\/wp\/v2\/media\/14859"}],"wp:attachment":[{"href":"https:\/\/www.gruppopdregionetoscana.it\/web\/wp-json\/wp\/v2\/media?parent=14857"}],"wp:term":[{"taxonomy":"category","embeddable":true,"href":"https:\/\/www.gruppopdregionetoscana.it\/web\/wp-json\/wp\/v2\/categories?post=14857"},{"taxonomy":"post_tag","embeddable":true,"href":"https:\/\/www.gruppopdregionetoscana.it\/web\/wp-json\/wp\/v2\/tags?post=14857"}],"curies":[{"name":"wp","href":"https:\/\/api.w.org\/{rel}","templated":true}]}}