{"id":14880,"date":"2017-01-12T13:23:12","date_gmt":"2017-01-12T12:23:12","guid":{"rendered":"http:\/\/www.gruppopdregionetoscana.it\/web\/?p=14880"},"modified":"2017-01-12T13:23:12","modified_gmt":"2017-01-12T12:23:12","slug":"sanita-nuove-zone-distretto-stefano-scaramelli-legge-regionale-molto-importante-necessario-massimo-ascolto-a-partire-dai-sindaci-della-toscana","status":"publish","type":"post","link":"https:\/\/www.gruppopdregionetoscana.it\/web\/sanita-nuove-zone-distretto-stefano-scaramelli-legge-regionale-molto-importante-necessario-massimo-ascolto-a-partire-dai-sindaci-della-toscana\/","title":{"rendered":"Sanit\u00e0, Nuove Zone Distretto, Stefano Scaramelli: \u201cLegge regionale molto importante, necessario massimo ascolto a partire dai sindaci della Toscana\u201d"},"content":{"rendered":"<p><strong>Il presidente della commissione sanit\u00e0 del Consiglio regionale annuncia una vasta audizione con tutti i primi cittadini della regione<\/strong><\/p>\n<p><img loading=\"lazy\" decoding=\"async\" class=\"alignleft size-full wp-image-8970\" src=\"http:\/\/www.gruppopdregionetoscana.it\/web\/wp-content\/uploads\/2014\/09\/servizio-sanitario-toscano.jpg\" alt=\"servizio-sanitario-toscano\" width=\"400\" height=\"219\" srcset=\"https:\/\/www.gruppopdregionetoscana.it\/web\/wp-content\/uploads\/2014\/09\/servizio-sanitario-toscano.jpg 400w, https:\/\/www.gruppopdregionetoscana.it\/web\/wp-content\/uploads\/2014\/09\/servizio-sanitario-toscano-300x164.jpg 300w\" sizes=\"auto, (max-width: 400px) 100vw, 400px\" \/>\u00abL\u2019esame del provvedimento sulla revisione delle zone distretto della sistema sanitario toscano, che abbiamo iniziato ieri in commissione con l\u2019illustrazione della giunta regionale, deve proseguire coinvolgendo pienamente i territori e tutti i soggetti interessati. Si tratta di un tassello fondamentale della nostra riforma. Per questo abbiamo deciso di invitare a un\u2019apposita riunione della commissione, convocata per il prossimo 7 febbraio, tutti i sindaci toscani che vorranno partecipare. Un confronto che ritengo fondamentale e che nasce anche alla luce delle novit\u00e0 emerse sui \u201cconsorzi sociosanitari\u201d previsti dalla recente legge finanziaria nazionale. Si tratta di una possibilit\u00e0, quella della costituzione di nuovi consorzi, non prevista dalla vecchia normativa, che dava solo la facolt\u00e0 di allargare quelli esistenti. Sono certo che l\u2019audizione aperta a tutti i sindaci della toscana pu\u00f2 rappresentare uno strumento utile e importante per capire se il nuovo testo regionale sull\u2019organizzazione delle zone distretto possa o meno aprirsi a questa nuova possibilit\u00e0 offerta dalla finanziaria che, nello specifico, apre alla possibilit\u00e0 di costituire anche ex novo le societ\u00e0 della salute e non soltanto favorire incorporazioni o adesioni a quelle gi\u00e0 esistenti. Nella proposta di legge regionale sono previsti anche incentivi importanti fino a 130.000 euro per i comuni che decideranno di integrare le loro funzioni in nuove zone distretto\u00bb.<\/p>\n<p>Lo dice <strong>Stefano Scaramelli<\/strong>, Pd, presidente della commissione sanit\u00e0 e politiche sociali del Consiglio regionale della Toscana, spiegando l\u2019apertura dell\u2019iter approvativo della proposta di legge \u201cDisposizioni in merito alla revisione degli ambiti territoriali delle zone distretto. Modifiche alla legge regionale 40\/2005 e alla legge regionale 41\/2005\u201d.<\/p>\n<p>Nella proposta della giunta regionale illustrata ieri in commissione, gli ambiti zonali vengono ridotti da 34 a 26, sulla base di alcuni criteri: le nuove zone distretto non possono comprendere pi\u00f9 di 25 Comuni, n\u00e9 popolazione inferiore a 50mila abitanti. Inoltre non possono esserci zone distretto i cui Comuni afferiscano a due Asl differenti. La revisione si basa sulle stime che il 90 per cento dei bisogni socio-sanitari dei cittadini si riferisce alla zona distretto di appartenenza. Nello specifico, si propone che vengano accorpate le zone Alta Val di Cecina e Val d\u2019Era; Bassa Val di Cecina e Val di Cornia; Empolese e Valdarno inferiore; Amiata senese, Val d\u2019Orcia e Val di Chiana senese;\u00a0 Aretino, Casentinese e Valtiberina; Amiata grossetano, Colline metallifere e Grossetano.<\/p>\n","protected":false},"excerpt":{"rendered":"<p>Il presidente della commissione sanit\u00e0 del Consiglio regionale annuncia una vasta audizione con tutti i primi cittadini della regione \u00abL\u2019esame del provvedimento sulla revisione delle zone distretto della sistema sanitario toscano, che abbiamo iniziato ieri in commissione con l\u2019illustrazione della giunta regionale, deve proseguire coinvolgendo pienamente i territori e tutti i soggetti interessati. Si tratta [&hellip;]<\/p>\n","protected":false},"author":1,"featured_media":13075,"comment_status":"closed","ping_status":"closed","sticky":false,"template":"","format":"standard","meta":{"_jetpack_memberships_contains_paid_content":false,"footnotes":""},"categories":[30,971],"tags":[],"class_list":{"0":"post-14880","1":"post","2":"type-post","3":"status-publish","4":"format-standard","5":"has-post-thumbnail","7":"category-comunicati-stampa","8":"category-stefano-scaramelli","9":"czr-hentry"},"jetpack_featured_media_url":"https:\/\/www.gruppopdregionetoscana.it\/web\/wp-content\/uploads\/2015\/08\/scara-ok.jpg","jetpack_sharing_enabled":true,"_links":{"self":[{"href":"https:\/\/www.gruppopdregionetoscana.it\/web\/wp-json\/wp\/v2\/posts\/14880","targetHints":{"allow":["GET"]}}],"collection":[{"href":"https:\/\/www.gruppopdregionetoscana.it\/web\/wp-json\/wp\/v2\/posts"}],"about":[{"href":"https:\/\/www.gruppopdregionetoscana.it\/web\/wp-json\/wp\/v2\/types\/post"}],"author":[{"embeddable":true,"href":"https:\/\/www.gruppopdregionetoscana.it\/web\/wp-json\/wp\/v2\/users\/1"}],"replies":[{"embeddable":true,"href":"https:\/\/www.gruppopdregionetoscana.it\/web\/wp-json\/wp\/v2\/comments?post=14880"}],"version-history":[{"count":0,"href":"https:\/\/www.gruppopdregionetoscana.it\/web\/wp-json\/wp\/v2\/posts\/14880\/revisions"}],"wp:featuredmedia":[{"embeddable":true,"href":"https:\/\/www.gruppopdregionetoscana.it\/web\/wp-json\/wp\/v2\/media\/13075"}],"wp:attachment":[{"href":"https:\/\/www.gruppopdregionetoscana.it\/web\/wp-json\/wp\/v2\/media?parent=14880"}],"wp:term":[{"taxonomy":"category","embeddable":true,"href":"https:\/\/www.gruppopdregionetoscana.it\/web\/wp-json\/wp\/v2\/categories?post=14880"},{"taxonomy":"post_tag","embeddable":true,"href":"https:\/\/www.gruppopdregionetoscana.it\/web\/wp-json\/wp\/v2\/tags?post=14880"}],"curies":[{"name":"wp","href":"https:\/\/api.w.org\/{rel}","templated":true}]}}