{"id":14882,"date":"2017-01-16T17:17:21","date_gmt":"2017-01-16T16:17:21","guid":{"rendered":"http:\/\/www.gruppopdregionetoscana.it\/web\/?p=14882"},"modified":"2017-01-16T17:17:21","modified_gmt":"2017-01-16T16:17:21","slug":"crisi-unicoop-tirreno-marras-anselmi-e-gazzetti-pd-massima-attenzione-alla-principale-impresa-cooperativa-commerciale-della-costa-interveniamo-per-evitare-limpatto-sociale-dell","status":"publish","type":"post","link":"https:\/\/www.gruppopdregionetoscana.it\/web\/crisi-unicoop-tirreno-marras-anselmi-e-gazzetti-pd-massima-attenzione-alla-principale-impresa-cooperativa-commerciale-della-costa-interveniamo-per-evitare-limpatto-sociale-dell\/","title":{"rendered":"Crisi Unicoop Tirreno. Marras, Anselmi e Gazzetti (PD): \u201cMassima attenzione alla principale impresa cooperativa commerciale della costa, interveniamo per evitare l\u2019impatto sociale della crisi\u201d"},"content":{"rendered":"<p>\u201cUnicoop Tirreno \u00e8 la pi\u00f9 grande impresa cooperativa commerciale della Toscana costiera &#8211; spiegano il capogruppo PD <strong>Leonardo Marras<\/strong> e i consiglieri regionali <strong>Gianni Anselmi<\/strong> e <strong>Francesco Gazzetti<\/strong> &#8211; e tra le pi\u00f9 grandi del centro Italia. La situazione di difficolt\u00e0 in cui versa ci \u00e8 nota da tempo, ma di fronte al piano industriale presentato ai sindacati e ai lavoratori, non possiamo che sollecitare alla Giunta regionale un impegno forte e tempestivo, anche considerando il fatto che l\u2019area principale di riferimento della Cooperativa include aree definite di crisi complessa e per questo gi\u00e0 oggetto di incentivi e misure dedicate a favorire la ripresa\u201d.<\/p>\n<p>I numeri di Unicoop Tirreno: poco meno di un milione di soci, 4500 dipendenti, 100 punti vendita e 29 sezioni soci, nel 2015 ha tagliato il traguardo dei 70 anni di attivit\u00e0 mantenendo sempre la sede legale a Piombino, dove \u00e8 stata fondata. Nel 2015 l\u2019esercizio del Gruppo si \u00e8 chiuso con una perdita consolidata di 16 milioni e 264 mila euro (a fronte della perdita di 16 milioni e 967 mila euro del precedente esercizio) ed un patrimonio netto consolidato di 175 milioni e 585 mila euro (191 milioni e 201 mila euro mila euro al 31.12.2014); secondo stime sindacali, anche il 2016 dovrebbe chiudersi con una perdita di circa 25 milioni.<\/p>\n<p>Il piano industriale presentato dall\u2019azienda prevede la chiusura di 12 punti vendita e degli uffici del e-commerce e la cessione di altri 8 negozi. Dal punto di vista occupazionale, tale revisione dei punti vendita si accompagnerebbe a 481 esuberi di dipendenti a tempo pieno, 160 nella sola sede di Vignale Riotorto, 95 nei punti vendita che rimarranno aperti, 116 nei supermercati da vendere, 110 in quelli da chiudere.<\/p>\n<p>\u201cCon questa mozione &#8211; proseguono<strong> i consiglieri<\/strong> &#8211; impegniamo la Giunta regionale ad attivare quanto prima un tavolo regionale sulla crisi aziendale puntando l\u2019attenzione sulla chiusura e la cessione dei punti vendita nelle province di Grosseto e Livorno e, conseguentemente, sui licenziamenti che interesserebbero complessivamente quasi 600 persone, come sostenuto dai sindacati. Questa operazione avrebbe un impatto devastante sulla gi\u00e0 debole economia dell\u2019area, mettendo in ginocchio molte famiglie e privando i cittadini di servizi essenziali come sono i supermercati nei piccoli paesi. \u00c8 fondamentale, dunque, mettere in atto ogni possibile misura per ridimensionare gli effetti sociali di questo piano di esuberi, soprattutto in un territorio che gi\u00e0 da tempo fai i conti con una grave crisi occupazionale\u201d.<\/p>\n","protected":false},"excerpt":{"rendered":"<p>\u201cUnicoop Tirreno \u00e8 la pi\u00f9 grande impresa cooperativa commerciale della Toscana costiera &#8211; spiegano il capogruppo PD Leonardo Marras e i consiglieri regionali Gianni Anselmi e Francesco Gazzetti &#8211; e tra le pi\u00f9 grandi del centro Italia. La situazione di difficolt\u00e0 in cui versa ci \u00e8 nota da tempo, ma di fronte al piano industriale [&hellip;]<\/p>\n","protected":false},"author":1,"featured_media":14884,"comment_status":"closed","ping_status":"closed","sticky":false,"template":"","format":"standard","meta":{"_jetpack_memberships_contains_paid_content":false,"footnotes":""},"categories":[30,1002,957,954,124],"tags":[1614,1043,210,104,105,67,312,1615],"class_list":{"0":"post-14882","1":"post","2":"type-post","3":"status-publish","4":"format-standard","5":"has-post-thumbnail","7":"category-comunicati-stampa","8":"category-francesco-gazzetti","9":"category-gianni-anselmi","10":"category-leonardo-marras","11":"category-propmozioni","12":"tag-coop","13":"tag-costa","14":"tag-crisi","15":"tag-economia","16":"tag-lavoro","17":"tag-occupazione","18":"tag-regione-toscana","19":"tag-toscana-costiera","20":"czr-hentry"},"jetpack_featured_media_url":"https:\/\/www.gruppopdregionetoscana.it\/web\/wp-content\/uploads\/2017\/01\/photo-bassa-tirreno.jpeg","jetpack_sharing_enabled":true,"_links":{"self":[{"href":"https:\/\/www.gruppopdregionetoscana.it\/web\/wp-json\/wp\/v2\/posts\/14882","targetHints":{"allow":["GET"]}}],"collection":[{"href":"https:\/\/www.gruppopdregionetoscana.it\/web\/wp-json\/wp\/v2\/posts"}],"about":[{"href":"https:\/\/www.gruppopdregionetoscana.it\/web\/wp-json\/wp\/v2\/types\/post"}],"author":[{"embeddable":true,"href":"https:\/\/www.gruppopdregionetoscana.it\/web\/wp-json\/wp\/v2\/users\/1"}],"replies":[{"embeddable":true,"href":"https:\/\/www.gruppopdregionetoscana.it\/web\/wp-json\/wp\/v2\/comments?post=14882"}],"version-history":[{"count":0,"href":"https:\/\/www.gruppopdregionetoscana.it\/web\/wp-json\/wp\/v2\/posts\/14882\/revisions"}],"wp:featuredmedia":[{"embeddable":true,"href":"https:\/\/www.gruppopdregionetoscana.it\/web\/wp-json\/wp\/v2\/media\/14884"}],"wp:attachment":[{"href":"https:\/\/www.gruppopdregionetoscana.it\/web\/wp-json\/wp\/v2\/media?parent=14882"}],"wp:term":[{"taxonomy":"category","embeddable":true,"href":"https:\/\/www.gruppopdregionetoscana.it\/web\/wp-json\/wp\/v2\/categories?post=14882"},{"taxonomy":"post_tag","embeddable":true,"href":"https:\/\/www.gruppopdregionetoscana.it\/web\/wp-json\/wp\/v2\/tags?post=14882"}],"curies":[{"name":"wp","href":"https:\/\/api.w.org\/{rel}","templated":true}]}}