{"id":14891,"date":"2017-01-17T15:28:30","date_gmt":"2017-01-17T14:28:30","guid":{"rendered":"http:\/\/www.gruppopdregionetoscana.it\/web\/?p=14891"},"modified":"2017-01-17T15:30:52","modified_gmt":"2017-01-17T14:30:52","slug":"motonave-sigma-un-incubo-a-lieto-fine-da-gazzetti-anselmi-e-marras-un-plauso-al-lavoro-della-capitaneria-di-porto-di-livorno","status":"publish","type":"post","link":"https:\/\/www.gruppopdregionetoscana.it\/web\/motonave-sigma-un-incubo-a-lieto-fine-da-gazzetti-anselmi-e-marras-un-plauso-al-lavoro-della-capitaneria-di-porto-di-livorno\/","title":{"rendered":"Motonave Sigma, \u201cUn incubo a lieto fine\u201d da Gazzetti, Anselmi e Marras un plauso al lavoro della Capitaneria di porto di Livorno"},"content":{"rendered":"<p>\u201cUn incubo a lieto fine. Quella della motonave Sigma rischiava di trasformarsi in una pagina drammatica per la citt\u00e0 di Livorno e per la Toscana, ma grazie all\u2019impegno di autorit\u00e0 e volontari si \u00e8 conclusa nel migliore dei modi. Sin da venerd\u00ec, quando si \u00e8 arenata davanti alla spiaggia dei Tre ponti, c\u2019\u00e8 stata massima apprensione per l\u2019equipaggio e per il possibile danno ambientale, la coincidenza di data, poi, con il naufragio di cinque anni fa della Costa Concordia all\u2019Isola del Giglio, ha riportato davanti alle mente di tutti immagini tremende. Invece oggi possiamo raccontare un epilogo positivo: il rischio d\u2019inquinamento del mare \u00e8 stato sventato e la nave, adesso in sicurezza, presto potr\u00e0 ripartire.<\/p>\n<p>Il nostro plauso va, prima di tutto, alla Capitaneria di porto di Livorno per il fondamentale lavoro di coordinamento svolto in questi giorni, segno di competenza, preparazione e ottima capacit\u00e0 di gestione dell\u2019emergenza\u201d.<\/p>\n<p>Cos\u00ec i consiglieri regionali <strong>Francesco Gazzetti<\/strong> e <strong>Gianni Anselmi<\/strong> e il capogruppo PD in Regione Toscana <strong>Leonardo Marras<\/strong>.<\/p>\n","protected":false},"excerpt":{"rendered":"<p>\u201cUn incubo a lieto fine. Quella della motonave Sigma rischiava di trasformarsi in una pagina drammatica per la citt\u00e0 di Livorno e per la Toscana, ma grazie all\u2019impegno di autorit\u00e0 e volontari si \u00e8 conclusa nel migliore dei modi. Sin da venerd\u00ec, quando si \u00e8 arenata davanti alla spiaggia dei Tre ponti, c\u2019\u00e8 stata massima [&hellip;]<\/p>\n","protected":false},"author":1,"featured_media":14892,"comment_status":"closed","ping_status":"closed","sticky":false,"template":"","format":"standard","meta":{"_jetpack_memberships_contains_paid_content":false,"footnotes":""},"categories":[30,1002,957,954],"tags":[],"class_list":{"0":"post-14891","1":"post","2":"type-post","3":"status-publish","4":"format-standard","5":"has-post-thumbnail","7":"category-comunicati-stampa","8":"category-francesco-gazzetti","9":"category-gianni-anselmi","10":"category-leonardo-marras","11":"czr-hentry"},"jetpack_featured_media_url":"https:\/\/www.gruppopdregionetoscana.it\/web\/wp-content\/uploads\/2017\/01\/livorno-forte-vento-mercantile-1-630x420.jpg","jetpack_sharing_enabled":true,"_links":{"self":[{"href":"https:\/\/www.gruppopdregionetoscana.it\/web\/wp-json\/wp\/v2\/posts\/14891","targetHints":{"allow":["GET"]}}],"collection":[{"href":"https:\/\/www.gruppopdregionetoscana.it\/web\/wp-json\/wp\/v2\/posts"}],"about":[{"href":"https:\/\/www.gruppopdregionetoscana.it\/web\/wp-json\/wp\/v2\/types\/post"}],"author":[{"embeddable":true,"href":"https:\/\/www.gruppopdregionetoscana.it\/web\/wp-json\/wp\/v2\/users\/1"}],"replies":[{"embeddable":true,"href":"https:\/\/www.gruppopdregionetoscana.it\/web\/wp-json\/wp\/v2\/comments?post=14891"}],"version-history":[{"count":0,"href":"https:\/\/www.gruppopdregionetoscana.it\/web\/wp-json\/wp\/v2\/posts\/14891\/revisions"}],"wp:featuredmedia":[{"embeddable":true,"href":"https:\/\/www.gruppopdregionetoscana.it\/web\/wp-json\/wp\/v2\/media\/14892"}],"wp:attachment":[{"href":"https:\/\/www.gruppopdregionetoscana.it\/web\/wp-json\/wp\/v2\/media?parent=14891"}],"wp:term":[{"taxonomy":"category","embeddable":true,"href":"https:\/\/www.gruppopdregionetoscana.it\/web\/wp-json\/wp\/v2\/categories?post=14891"},{"taxonomy":"post_tag","embeddable":true,"href":"https:\/\/www.gruppopdregionetoscana.it\/web\/wp-json\/wp\/v2\/tags?post=14891"}],"curies":[{"name":"wp","href":"https:\/\/api.w.org\/{rel}","templated":true}]}}