{"id":14894,"date":"2017-01-18T12:47:39","date_gmt":"2017-01-18T11:47:39","guid":{"rendered":"http:\/\/www.gruppopdregionetoscana.it\/web\/?p=14894"},"modified":"2017-01-18T12:47:39","modified_gmt":"2017-01-18T11:47:39","slug":"attivita-fisica-adattata-sostegni-implementarla-sul-territorio-regionale","status":"publish","type":"post","link":"https:\/\/www.gruppopdregionetoscana.it\/web\/attivita-fisica-adattata-sostegni-implementarla-sul-territorio-regionale\/","title":{"rendered":"Attivit\u00e0 Fisica Adattata, Sostegni \u201cImplementarla sul territorio regionale\u201d"},"content":{"rendered":"<p><i><span style=\"color: #000000; font-family: Calibri;\">C\u2019\u00e8 il via libera all\u2019unanimit\u00e0 del Consiglio alla mozione del consigliere\u00a0<\/span><\/i><\/p>\n<p><span style=\"font-family: Calibri;\"><span style=\"color: #000000;\">\u00a0Implementare sul territorio regionale l\u2019attivit\u00e0 fisica rivolta agli over 65,\u00a0 la cosiddetta Attivit\u00e0 Fisica Adattata (AFA), destinata in particolare alle persone che presentano condizioni dolorose ricorrenti e una riduzione delle capacit\u00e0 funzionali da malattie pregresse<\/span><span style=\"color: #000000;\">.\u00a0 <\/span><\/span><\/p>\n<p><span style=\"font-family: Calibri;\"><span style=\"color: #000000;\">Lo chiede la mozione di cui il primo firmatario \u00e8 <b>il consigliere Enrico Sostegni (Pd)<\/b><\/span><span style=\"color: #000000;\"> e che \u00e8 appena stata approvata all\u2019unanimit\u00e0 dall\u2019assemblea regionale. Nell\u2019atto, sottoscritto anche da <\/span><b><span style=\"color: #000000;\">Stefano Scaramelli, Nicola Ciolini, Fiammetta Capirossi, Gianni Anselmi e Lucia De Robertis <\/span><\/b><span style=\"color: #000000;\">si impegna la Giunta a dare piena attuazione agli obiettivi e alle finalit\u00e0 previsti all\u2019interno del Piano Sanitario\u00a0e Sociale integrato che mira a garantire un ulteriore implemento dell\u2019Afa, aggiornando le diposizioni emanate dalla giunta.<\/span><\/span><\/p>\n<p><span style=\"font-family: Calibri;\"><span style=\"color: #000000;\">\u201cLa nostra Regione<\/span> <span style=\"color: #000000;\">\u2013 ha detto <\/span><b><span style=\"color: #000000;\">Enrico Sostegni<\/span><\/b><span style=\"color: #000000;\"> intervenendo stamani in aula-,\u00a0 gi\u00e0 dal 2005 si \u00e8 adoperata, prima fra tutte, attivando programmi specifici per favorire l\u2019accesso\u00a0 a questo tipo di attivit\u00e0 motoria. Nel solo 2015, hanno svolto attivit\u00e0 fisica adattata quasi 30mila toscani frequentando circa duemila corsi, anche se la promozione territoriale non \u00e8 omogenea fra le varie AUSL. Abbiamo sempre creduto che i percorsi AFA siano importanti e rappresentino una fondamentale strategia di contrasto alla disabilit\u00e0 che deriva dalla malattia cronica e contribuisca a promuovere corretti stili di vita per gli anziani fragili\u201d. E <\/span><b><span style=\"color: #000000;\">Sostegni<\/span><\/b><span style=\"color: #000000;\"> precisa quali sono le azioni orientate con cui la mozione impegna la giunta per il raggiungimento di standard omogenei a livello regionale\u00a0 e territoriale. \u201cPrevediamo \u2013 spiega il consigliere Enrico Sostegni &#8211; azioni di monitoraggio\u00a0 e controllo da parte delle aziende USL, azioni di coordinamento e promozione da parte delle Societ\u00e0 della Salute visto l\u2019importante impatto sulla salute e sul benessere dei cittadini svolto dall\u2019AFA. E\u2019 anche importante \u2013 prosegue Sostegni &#8211; pensare anche agli effetti dell\u2019attivit\u00e0 fisica adattata. Per questo \u00e8 necessario verificare con monitoraggi ad hoc\u00a0sia i risultati di questa attivit\u00e0 in termini socio sanitari, sia in termini di ricadute economiche sul sistema sanitario regionale\u201d. <\/span><\/span><\/p>\n<p>&nbsp;<\/p>\n","protected":false},"excerpt":{"rendered":"<p>C\u2019\u00e8 il via libera all\u2019unanimit\u00e0 del Consiglio alla mozione del consigliere\u00a0 \u00a0Implementare sul territorio regionale l\u2019attivit\u00e0 fisica rivolta agli over 65,\u00a0 la cosiddetta Attivit\u00e0 Fisica Adattata (AFA), destinata in particolare alle persone che presentano condizioni dolorose ricorrenti e una riduzione delle capacit\u00e0 funzionali da malattie pregresse.\u00a0 Lo chiede la mozione di cui il primo firmatario [&hellip;]<\/p>\n","protected":false},"author":1,"featured_media":13819,"comment_status":"closed","ping_status":"closed","sticky":false,"template":"","format":"standard","meta":{"_jetpack_memberships_contains_paid_content":false,"footnotes":""},"categories":[30,972],"tags":[1616,101],"class_list":{"0":"post-14894","1":"post","2":"type-post","3":"status-publish","4":"format-standard","5":"has-post-thumbnail","7":"category-comunicati-stampa","8":"category-enrico-sostegni","9":"tag-anziani-fragili","10":"tag-sanita","11":"czr-hentry"},"jetpack_featured_media_url":"https:\/\/www.gruppopdregionetoscana.it\/web\/wp-content\/uploads\/2016\/08\/Schermata-2016-08-03-alle-16.55.02.png","jetpack_sharing_enabled":true,"_links":{"self":[{"href":"https:\/\/www.gruppopdregionetoscana.it\/web\/wp-json\/wp\/v2\/posts\/14894","targetHints":{"allow":["GET"]}}],"collection":[{"href":"https:\/\/www.gruppopdregionetoscana.it\/web\/wp-json\/wp\/v2\/posts"}],"about":[{"href":"https:\/\/www.gruppopdregionetoscana.it\/web\/wp-json\/wp\/v2\/types\/post"}],"author":[{"embeddable":true,"href":"https:\/\/www.gruppopdregionetoscana.it\/web\/wp-json\/wp\/v2\/users\/1"}],"replies":[{"embeddable":true,"href":"https:\/\/www.gruppopdregionetoscana.it\/web\/wp-json\/wp\/v2\/comments?post=14894"}],"version-history":[{"count":0,"href":"https:\/\/www.gruppopdregionetoscana.it\/web\/wp-json\/wp\/v2\/posts\/14894\/revisions"}],"wp:featuredmedia":[{"embeddable":true,"href":"https:\/\/www.gruppopdregionetoscana.it\/web\/wp-json\/wp\/v2\/media\/13819"}],"wp:attachment":[{"href":"https:\/\/www.gruppopdregionetoscana.it\/web\/wp-json\/wp\/v2\/media?parent=14894"}],"wp:term":[{"taxonomy":"category","embeddable":true,"href":"https:\/\/www.gruppopdregionetoscana.it\/web\/wp-json\/wp\/v2\/categories?post=14894"},{"taxonomy":"post_tag","embeddable":true,"href":"https:\/\/www.gruppopdregionetoscana.it\/web\/wp-json\/wp\/v2\/tags?post=14894"}],"curies":[{"name":"wp","href":"https:\/\/api.w.org\/{rel}","templated":true}]}}