{"id":15076,"date":"2017-02-14T19:59:03","date_gmt":"2017-02-14T18:59:03","guid":{"rendered":"http:\/\/www.gruppopdregionetoscana.it\/web\/?p=15076"},"modified":"2017-02-14T19:59:03","modified_gmt":"2017-02-14T18:59:03","slug":"reddito-di-solidarieta-approvata-risoluzione-pd-marras-una-proposta-che-si-fa-carico-di-varare-una-politica-complessiva-in-tema-di-lotta-alla-poverta","status":"publish","type":"post","link":"https:\/\/www.gruppopdregionetoscana.it\/web\/reddito-di-solidarieta-approvata-risoluzione-pd-marras-una-proposta-che-si-fa-carico-di-varare-una-politica-complessiva-in-tema-di-lotta-alla-poverta\/","title":{"rendered":"Reddito di Solidariet\u00e0, Approvata Risoluzione PD Marras: \u201cUna proposta che si fa carico di varare una politica complessiva in tema di lotta alla povert\u00e0\u201d"},"content":{"rendered":"<p>\u00abSarebbe stato presuntuoso da parte nostra presentare una proposta di legge organica, senza aver prima attivato le dovute fasi istruttorie ed operative e anche perch\u00e9 non crediamo di avere la soluzione complessiva al disagio, abbiamo fatto precedere la discussione con un atto di indirizzo. Le Regioni rimangono competenti in campo di politiche attive del lavoro e in questo senso si inserisce la nostra proposta di istituire un reddito di solidariet\u00e0 attiva, che si fa carico quindi dell\u2019esigenza di organizzare una politica complessiva sul tema della lotta alla povert\u00e0\u00bb.<\/p>\n<p>Lo ha detto <strong>Leonardo Marras<\/strong>, capogruppo del Pd in Consiglio regionale, presentando in aula la risoluzione che punta a istituire un \u201creddito di solidariet\u00e0 attiva\u201d e indica un pacchetto di interventi sistematici e innovativi sui percorsi di protezione sociale e del cosiddetto welfare \u201cgenerativo\u201d.<\/p>\n<p>\u00abIl governo nazionale \u2013 ha ricordato Marras \u2013\u00a0 eserciter\u00e0 la delega che gli ha consegnato il Parlamento per arrivare al reddito di inclusione sociale, partendo da alcune misure subito operative come il Sostegno di Inclusione Attiva. Si tratta di accompagnare e incoraggiare le politiche nazionali in questo settore, in questa fase, per ampliare il pi\u00f9 possibile la platea dei beneficiari.<\/p>\n<p>Vi sono state polemiche \u2013 ha aggiunto il capogruppo, riferendosi alle posizioni del M5S \u2013 e voglio rassicurare: discuteremo anche della loro proposta di reddito di cittadinanza. La nostra posizione \u00e8 chiara, non siamo d\u2019accordo perch\u00e9 non crediamo sia praticabile, che non si possa affossare il bilancio della Regione per dare un sussidio a tutti. Noi pensiamo che si possa invece provare a ridurre il disagio con uno strumento attuabile, reso fattibile soprattutto dalla rimodulazione delle risorse del Fondo sociale europeo. La nostra proposta \u2013 ha concluso Marras \u2013\u00a0 vuole rappresentare, oltre al sostegno economico diretto ai pi\u00f9 bisognosi, anche un tentativo virtuoso di ripensare un modello di assistenza, proponendo misure ed azioni in grado di favorire l\u2019inserimento lavorativo degli stessi soggetti beneficiari della solidariet\u00e0\u00bb.<\/p>\n<p>Nel corso del dibattito sono intervenuti anche altri consiglieri del Pd.<\/p>\n<p><strong>Paolo Bambagioni<\/strong> ha premesso che \u201cil tema \u00e8 di carattere nazionale, da parte nostra c&#8217;\u00e8 per\u00f2 la possibilit\u00e0 di dare un contributo sul fronte del contrasto alla povert\u00e0. Quello che va colto della risoluzione, quindi, \u00e8 soprattutto l&#8217;invito a mantenere una linea d&#8217;impegno, di solidariet\u00e0 e di sobriet\u00e0 che ci ha contraddistinto negli ultimi quindici anni. Auspicando che il Governo e l&#8217;Unione Europea intraprendano nuove azioni e politiche rivolte alla persone e alle famiglie pi\u00f9 in difficolt\u00e0\u201d.<\/p>\n<p><strong>Stefano Scaramelli <\/strong>ha detto che \u201cper un partito come il Pd \u00e8 doveroso assuma il tema della lotta alla povert\u00e0, senza fare demagogia e facendolo assumendosi la responsabilit\u00e0 di un atto che produrr\u00e0 effetti concreti. Si tratta di una misura di sollievo sociale, certo, ma che assume il dato della dignit\u00e0 del lavoro, che rimane la misura principe. La risoluzione Pd rappresenta un impegno rapido ma che vuole essere duraturo nel tempo\u201d.<\/p>\n<p><strong>Gianni Anselmi<\/strong> ha puntualizzato che \u201cil nemico per noi non \u00e8 la ricchezza ma la povert\u00e0 e in un approccio alla questione veramente riformista dobbiamo rifuggire dalle sfide retoriche o demagogiche. Il tema \u00e8 di politica economica, prima ancora che sociale; si tratta di un primo passo verso un cammino che percorreremo con seriet\u00e0, metodo e responsabilit\u00e0 di governo\u201d.<\/p>\n<p><strong>La risoluzione approvata, lo ricordiamo<\/strong>, \u201cImpegna la giunta regionale &#8211; ad attivarsi affinch\u00e9 possa essere definito un \u201cCantiere sociale per la Toscana\u201d che contenga una serie di misure di contrasto al fenomeno della povert\u00e0 e del disagio sociale, tra le quali vi sia, oltre all\u2019introduzione del \u201cReddito di Solidariet\u00e0 Attiva\u201d di cui sopra:<\/p>\n<p>1) il rafforzamento delle politiche sulla casa in Toscana come strumento centrale nella lotta alla povert\u00e0 ed al disagio sociale, assegnando, pertanto, le necessarie risorse all\u2019edilizia residenziale pubblica;<\/p>\n<p>2) la costituzione di un \u201cPatto di comunit\u00e0\u201d da costruirsi mediante la riattivazione della \u201cCommissione regionale per le politiche sociali\u201d di cui alla l.r. 41\/2015 finalizzato a coinvolgere i rappresentanti delle organizzazioni sindacali, le categorie economiche, le associazioni di rappresentanza e tutela degli utenti, le organizzazioni del terzo settore, gli iscritti agli ordini e alle associazioni professionali;<\/p>\n<p>3) il rafforzamento, in coerenza con le azioni previste dal PRS, delle misure finalizzate all\u2019inserimento nel mondo del lavoro delle giovani generazioni, anche implementando il progetto Giovanis\u00ec;<\/p>\n<p>&#8211; ad attivarsi per consentire un\u2019adeguata copertura relativa all\u2019introduzione del \u201cReddito di Solidariet\u00e0 Attiva\u201d, stimata in almeno 35 milioni di euro, attraverso un\u2019attenta valutazione sull\u2019attuale destinazione delle risorse provenienti dalla programmazione 2014-2020 del Fondo sociale europeo (Fse) in materia di politiche attive del lavoro, nonch\u00e9 attraverso un\u2019attenta revisione della spesa del bilancio regionale.&#8221;<\/p>\n<p>&nbsp;<\/p>\n","protected":false},"excerpt":{"rendered":"<p>\u00abSarebbe stato presuntuoso da parte nostra presentare una proposta di legge organica, senza aver prima attivato le dovute fasi istruttorie ed operative e anche perch\u00e9 non crediamo di avere la soluzione complessiva al disagio, abbiamo fatto precedere la discussione con un atto di indirizzo. Le Regioni rimangono competenti in campo di politiche attive del lavoro [&hellip;]<\/p>\n","protected":false},"author":1,"featured_media":15048,"comment_status":"closed","ping_status":"closed","sticky":false,"template":"","format":"standard","meta":{"_jetpack_memberships_contains_paid_content":false,"footnotes":""},"categories":[30,957,954,639,723,971],"tags":[],"class_list":{"0":"post-15076","1":"post","2":"type-post","3":"status-publish","4":"format-standard","5":"has-post-thumbnail","7":"category-comunicati-stampa","8":"category-gianni-anselmi","9":"category-leonardo-marras","10":"category-notizie-paolo-bambagioni","11":"category-risoluzioni","12":"category-stefano-scaramelli","13":"czr-hentry"},"jetpack_featured_media_url":"https:\/\/www.gruppopdregionetoscana.it\/web\/wp-content\/uploads\/2017\/02\/povert\u00e0.jpg","jetpack_sharing_enabled":true,"_links":{"self":[{"href":"https:\/\/www.gruppopdregionetoscana.it\/web\/wp-json\/wp\/v2\/posts\/15076","targetHints":{"allow":["GET"]}}],"collection":[{"href":"https:\/\/www.gruppopdregionetoscana.it\/web\/wp-json\/wp\/v2\/posts"}],"about":[{"href":"https:\/\/www.gruppopdregionetoscana.it\/web\/wp-json\/wp\/v2\/types\/post"}],"author":[{"embeddable":true,"href":"https:\/\/www.gruppopdregionetoscana.it\/web\/wp-json\/wp\/v2\/users\/1"}],"replies":[{"embeddable":true,"href":"https:\/\/www.gruppopdregionetoscana.it\/web\/wp-json\/wp\/v2\/comments?post=15076"}],"version-history":[{"count":0,"href":"https:\/\/www.gruppopdregionetoscana.it\/web\/wp-json\/wp\/v2\/posts\/15076\/revisions"}],"wp:featuredmedia":[{"embeddable":true,"href":"https:\/\/www.gruppopdregionetoscana.it\/web\/wp-json\/wp\/v2\/media\/15048"}],"wp:attachment":[{"href":"https:\/\/www.gruppopdregionetoscana.it\/web\/wp-json\/wp\/v2\/media?parent=15076"}],"wp:term":[{"taxonomy":"category","embeddable":true,"href":"https:\/\/www.gruppopdregionetoscana.it\/web\/wp-json\/wp\/v2\/categories?post=15076"},{"taxonomy":"post_tag","embeddable":true,"href":"https:\/\/www.gruppopdregionetoscana.it\/web\/wp-json\/wp\/v2\/tags?post=15076"}],"curies":[{"name":"wp","href":"https:\/\/api.w.org\/{rel}","templated":true}]}}