{"id":15187,"date":"2017-02-28T19:22:56","date_gmt":"2017-02-28T18:22:56","guid":{"rendered":"http:\/\/www.gruppopdregionetoscana.it\/web\/?p=15187"},"modified":"2017-02-28T19:22:56","modified_gmt":"2017-02-28T18:22:56","slug":"risorse-finanziarie-della-sanita-toscana-scaramelli-e-sostegni-pd-condividiamo-lazione-regionale-andiamo-avanti-tenendo-insieme-qualita-e-controllo-della-spesa","status":"publish","type":"post","link":"https:\/\/www.gruppopdregionetoscana.it\/web\/risorse-finanziarie-della-sanita-toscana-scaramelli-e-sostegni-pd-condividiamo-lazione-regionale-andiamo-avanti-tenendo-insieme-qualita-e-controllo-della-spesa\/","title":{"rendered":"Risorse finanziarie della Sanit\u00e0 toscana. Scaramelli e Sostegni (PD): &#8220;Condividiamo l&#8217;azione regionale. Andiamo avanti tenendo insieme qualit\u00e0 e controllo della spesa&#8221;"},"content":{"rendered":"<div id=\"attachment_15188\" style=\"width: 419px\" class=\"wp-caption alignleft\"><img loading=\"lazy\" decoding=\"async\" aria-describedby=\"caption-attachment-15188\" class=\"wp-image-15188\" src=\"http:\/\/www.gruppopdregionetoscana.it\/web\/wp-content\/uploads\/2017\/02\/scara-sostegni.jpg\" alt=\"scara sostegni\" width=\"409\" height=\"166\" srcset=\"https:\/\/www.gruppopdregionetoscana.it\/web\/wp-content\/uploads\/2017\/02\/scara-sostegni.jpg 697w, https:\/\/www.gruppopdregionetoscana.it\/web\/wp-content\/uploads\/2017\/02\/scara-sostegni-300x122.jpg 300w\" sizes=\"auto, (max-width: 409px) 100vw, 409px\" \/><p id=\"caption-attachment-15188\" class=\"wp-caption-text\"><em>i consiglieri regionali PD Scaramelli e Sostegni<\/em><\/p><\/div>\n<p><em>Approvata dal Consiglio regionale la risoluzione collegata alla comunicazione dell&#8217;assessore regionale Saccardi.<\/em><\/p>\n<p>\u201cCondivido pienamente l\u2019impianto della comunicazione dell\u2019assessore Saccardi e la contestualizzazione della vicenda nel complesso quadro nazionale e della delicata situazione rispetto ai rapporti tra Aifa, Regione Toscana e case farmaceutiche \u2013 spiega <strong>Stefano Scaramelli,<\/strong> presidente commissione Sanit\u00e0.<\/p>\n<p>I livelli di assistenza hanno intrapreso un percorso di miglioramento grazie a una politica regionale ispirata a principi di qualit\u00e0 e appropriatezza. \u00c8 in base a questi principi che le prestazioni sono erogate secondo il bisogno, utilizzando al meglio le risorse umane, tecnologiche e finanziarie, attraverso la programmazione e l\u2019integrazione dei servizi, l\u2019innovazione a livello tecnologico e organizzativo. Sull\u2019assistenza farmaceutica ospedaliera, con l\u2019introduzione dei farmaci per la cura dell\u2019epatite C e dei nuovi farmaci oncologici, sono stati introdotti vantaggi oggettivi per i pazienti a cui corrisponde il maggiore costo derivante dall\u2019impiego proprio di questi farmaci che hanno alti prezzi unitari.<\/p>\n<p>Adesso, la sfida per la sostenibilit\u00e0 del sistema sanitario \u00e8 ridurre la spesa per i farmaci. Una spesa comunque fondamentale per la salute dei cittadini, nonostante i costi dei farmaci non siano diminuiti.\u00a0 Con la nostra risoluzione ribadiamo la necessit\u00e0 di un monitoraggio attento dell\u2019andamento della spesa farmaceutica ospedaliera e delle altre voci di costo, e impegniamo la Giunta a comunicare periodicamente alla commissione Sanit\u00e0 gli esiti delle verifiche e delle valutazioni relative alla riforma organizzativa della sanit\u00e0 toscana con particolare riferimento ai benefici sullo stato di salute dei cittadini ed alle performance dei servizi sanitari\u201d. <strong>&#8211; conclude Scaramelli (Pd).<\/strong><\/p>\n<p><strong>\u00a0<\/strong>&#8220;La comunicazione dell&#8217;assessore Saccardi ha chiarito le dinamiche del bilancio 2016 per le quali la Regione Toscana ha ritenuto opportuno intensificare il controllo delle spese, soprattutto riguardo alle spesa per l&#8217;acquisto dei farmaci. Le uniche incertezze del bilancio sulle risorse finanziarie nella sanit\u00e0 toscana sono legate al ritardo nella definizione e nel pagamento del pay-back a livello nazionale da parte della case farmaceutiche. Quello che non \u00e8 accettabile, \u00e8 l&#8217;accusa generica, da parte del M5S, di una crescita della spesa sanitaria legata a un conflitto d&#8217;interesse con aziende produttrici di farmaci.&#8221; <strong>&#8211; ha dichiarato il consigliere regionale PD Enrico Sostegni nel proprio intervento in aula &#8211;<\/strong> &#8220;L&#8217;aumento della spesa \u00e8 legato al costo maggiore dei nuovi farmaci oncologici, per l&#8217;epatite e alla crescita delle vaccinazioni. E su questo il lavoro di controllo della spesa da parte della Regione \u00e8 stato e sar\u00e0 ancora pi\u00f9 stringente. Quello che risulta dai numeri, \u00e8 che il Sistema sanitario toscano \u00e8 solido e che ci sono le condizioni per andare avanti con la riorganizzazione definita dalla riforma e per continuare a garantire un sistema sanitario universale e pubblico con livelli di alta qualit\u00e0 dei servizi tenendo al contempo sotto controllo la spesa&#8221;.<\/p>\n","protected":false},"excerpt":{"rendered":"<p>Approvata dal Consiglio regionale la risoluzione collegata alla comunicazione dell&#8217;assessore regionale Saccardi. \u201cCondivido pienamente l\u2019impianto della comunicazione dell\u2019assessore Saccardi e la contestualizzazione della vicenda nel complesso quadro nazionale e della delicata situazione rispetto ai rapporti tra Aifa, Regione Toscana e case farmaceutiche \u2013 spiega Stefano Scaramelli, presidente commissione Sanit\u00e0. I livelli di assistenza hanno intrapreso [&hellip;]<\/p>\n","protected":false},"author":1,"featured_media":15188,"comment_status":"closed","ping_status":"closed","sticky":false,"template":"","format":"standard","meta":{"_jetpack_memberships_contains_paid_content":false,"footnotes":""},"categories":[30,972,971],"tags":[101,36],"class_list":{"0":"post-15187","1":"post","2":"type-post","3":"status-publish","4":"format-standard","5":"has-post-thumbnail","7":"category-comunicati-stampa","8":"category-enrico-sostegni","9":"category-stefano-scaramelli","10":"tag-sanita","11":"tag-toscana","12":"czr-hentry"},"jetpack_featured_media_url":"https:\/\/www.gruppopdregionetoscana.it\/web\/wp-content\/uploads\/2017\/02\/scara-sostegni.jpg","jetpack_sharing_enabled":true,"_links":{"self":[{"href":"https:\/\/www.gruppopdregionetoscana.it\/web\/wp-json\/wp\/v2\/posts\/15187","targetHints":{"allow":["GET"]}}],"collection":[{"href":"https:\/\/www.gruppopdregionetoscana.it\/web\/wp-json\/wp\/v2\/posts"}],"about":[{"href":"https:\/\/www.gruppopdregionetoscana.it\/web\/wp-json\/wp\/v2\/types\/post"}],"author":[{"embeddable":true,"href":"https:\/\/www.gruppopdregionetoscana.it\/web\/wp-json\/wp\/v2\/users\/1"}],"replies":[{"embeddable":true,"href":"https:\/\/www.gruppopdregionetoscana.it\/web\/wp-json\/wp\/v2\/comments?post=15187"}],"version-history":[{"count":0,"href":"https:\/\/www.gruppopdregionetoscana.it\/web\/wp-json\/wp\/v2\/posts\/15187\/revisions"}],"wp:featuredmedia":[{"embeddable":true,"href":"https:\/\/www.gruppopdregionetoscana.it\/web\/wp-json\/wp\/v2\/media\/15188"}],"wp:attachment":[{"href":"https:\/\/www.gruppopdregionetoscana.it\/web\/wp-json\/wp\/v2\/media?parent=15187"}],"wp:term":[{"taxonomy":"category","embeddable":true,"href":"https:\/\/www.gruppopdregionetoscana.it\/web\/wp-json\/wp\/v2\/categories?post=15187"},{"taxonomy":"post_tag","embeddable":true,"href":"https:\/\/www.gruppopdregionetoscana.it\/web\/wp-json\/wp\/v2\/tags?post=15187"}],"curies":[{"name":"wp","href":"https:\/\/api.w.org\/{rel}","templated":true}]}}