{"id":15190,"date":"2017-03-01T11:42:52","date_gmt":"2017-03-01T10:42:52","guid":{"rendered":"http:\/\/www.gruppopdregionetoscana.it\/web\/?p=15190"},"modified":"2017-03-01T11:42:52","modified_gmt":"2017-03-01T10:42:52","slug":"caldaie-marras-pd-approvata-la-legge-per-recuperare-lanomalia-grossetana-baccelli-deroga-necessaria","status":"publish","type":"post","link":"https:\/\/www.gruppopdregionetoscana.it\/web\/caldaie-marras-pd-approvata-la-legge-per-recuperare-lanomalia-grossetana-baccelli-deroga-necessaria\/","title":{"rendered":"Caldaie, Marras (PD): \u201cApprovata la legge per recuperare l\u2019anomalia grossetana\u201d, Baccelli: \u201cDeroga necessaria\u201d"},"content":{"rendered":"<p>Dopo il via libera in commissione Ambiente, anche l\u2019aula del Consiglio regionale ha approvato a maggioranza la proposta di legge sul controllo degli impianti termici, in particolare quelli nel Comune di Grosseto, che prevede una deroga all&#8217;amministrazione comunale consentendole di adeguarsi alla nuova gestione regionale e di svolgere il controllo per tutto il 2017.<\/p>\n<p>\u201cCon questo atto recuperiamo l\u2019anomalia in cui si \u00e8 trovata Grosseto \u2013 spiega <strong>Leonardo Marras<\/strong>, capogruppo PD Regione Toscana \u2013. Un errore che io stesso non avevo avuto modo di evitare nel momento dell&#8217;approvazione della legge di stabilit\u00e0 regionale e che \u00e8 stato possibile superare anche grazie al dibattito che si \u00e8 scatenato intorno a questa singolarit\u00e0. \u00c8 importante rendere conforme in tutta la regione il servizio di controllo delle caldaie e di certificazione energetica degli edifici, ma facendo attenzione alle peculiarit\u00e0 di ogni territorio. Grazie dunque all\u2019assessore Fratoni e alla commissione Ambiente, e grazie anche al sindaco di Grosseto per aver acceso il dibattito e per la maturit\u00e0 dimostrata nell&#8217;incontro di preparazione della proposta\u201d.<\/p>\n<p>\u201cRazionalizzare ma sempre tenendo conto delle esigenze delle comunit\u00e0: \u00e8 questa la \u2018ratio\u2019 del provvedimento appena licenziato, che detta una disposizione transitoria e in deroga per il Comune di Grosseto in materia di controlli sugli impianti termici per la climatizzazione. \u2013 spiega <strong>Stefano Baccelli<\/strong>, presidente commissione Ambiente &#8211; Sappiamo bene che \u00e8 necessario procedere a un\u2019omogeneizzazione a livello regionale per quanto riguarda il servizio di controllo caldaie e di certificazione energetica degli edifici ma nel contempo non possiamo prescindere dal rispetto delle peculiarit\u00e0 dei territori, come in questo caso: si tratta della classica eccezione che conferma la regola\u201d.<\/p>\n<p>Le funzioni di verifica sugli impianti dei Comuni con popolazione superiore ai 40mila abitanti e la certificazione di prestazione energetica degli edifici, sono state assegnate alla Regione con la recente legge regionale 85\/2016 volta a realizzare un processo di razionalizzazione delle societ\u00e0 energetiche ex provinciali e comunali, i cui compiti ed il cui personale viene assorbito da un unico organismo regionale, la Arrr spa (Agenzia regionale recupero risorse).<\/p>\n<p>Il territorio di Grosseto era rimasto fuori dal processo in quanto il controllo avveniva non attraverso un\u2019agenzia di riferimento, ma direttamente da parte del Comune. La disposizione transitoria ha quindi lo scopo di consentire all\u2019amministrazione di proseguire l\u2019attivit\u00e0 di controllo sugli impianti termici per tutto il 2017.<\/p>\n<p>La proposta di legge contiene inoltre una modifica alla legge regionale 87\/2009 (Trasformazione della societ\u00e0 in house Arrr), per eliminare il limite dell\u2019esclusivit\u00e0 dell\u2019oggetto sociale. L\u2019articolo 16, comma 3, del d.lgs.175\/2015 consente infatti alle societ\u00e0 in house di svolgere una ulteriore attivit\u00e0 con soggetti terzi, purch\u00e9 tale attivit\u00e0 non ecceda il 20 per cento del fatturato.<\/p>\n<p>&nbsp;<\/p>\n","protected":false},"excerpt":{"rendered":"<p>Dopo il via libera in commissione Ambiente, anche l\u2019aula del Consiglio regionale ha approvato a maggioranza la proposta di legge sul controllo degli impianti termici, in particolare quelli nel Comune di Grosseto, che prevede una deroga all&#8217;amministrazione comunale consentendole di adeguarsi alla nuova gestione regionale e di svolgere il controllo per tutto il 2017. \u201cCon [&hellip;]<\/p>\n","protected":false},"author":1,"featured_media":15191,"comment_status":"closed","ping_status":"closed","sticky":false,"template":"","format":"standard","meta":{"_jetpack_memberships_contains_paid_content":false,"footnotes":""},"categories":[30,954,958],"tags":[],"class_list":{"0":"post-15190","1":"post","2":"type-post","3":"status-publish","4":"format-standard","5":"has-post-thumbnail","7":"category-comunicati-stampa","8":"category-leonardo-marras","9":"category-stefano-baccelli","10":"czr-hentry"},"jetpack_featured_media_url":"https:\/\/www.gruppopdregionetoscana.it\/web\/wp-content\/uploads\/2017\/03\/manutenzione_assistenza_caldaie_sime_milano.jpg","jetpack_sharing_enabled":true,"_links":{"self":[{"href":"https:\/\/www.gruppopdregionetoscana.it\/web\/wp-json\/wp\/v2\/posts\/15190","targetHints":{"allow":["GET"]}}],"collection":[{"href":"https:\/\/www.gruppopdregionetoscana.it\/web\/wp-json\/wp\/v2\/posts"}],"about":[{"href":"https:\/\/www.gruppopdregionetoscana.it\/web\/wp-json\/wp\/v2\/types\/post"}],"author":[{"embeddable":true,"href":"https:\/\/www.gruppopdregionetoscana.it\/web\/wp-json\/wp\/v2\/users\/1"}],"replies":[{"embeddable":true,"href":"https:\/\/www.gruppopdregionetoscana.it\/web\/wp-json\/wp\/v2\/comments?post=15190"}],"version-history":[{"count":0,"href":"https:\/\/www.gruppopdregionetoscana.it\/web\/wp-json\/wp\/v2\/posts\/15190\/revisions"}],"wp:featuredmedia":[{"embeddable":true,"href":"https:\/\/www.gruppopdregionetoscana.it\/web\/wp-json\/wp\/v2\/media\/15191"}],"wp:attachment":[{"href":"https:\/\/www.gruppopdregionetoscana.it\/web\/wp-json\/wp\/v2\/media?parent=15190"}],"wp:term":[{"taxonomy":"category","embeddable":true,"href":"https:\/\/www.gruppopdregionetoscana.it\/web\/wp-json\/wp\/v2\/categories?post=15190"},{"taxonomy":"post_tag","embeddable":true,"href":"https:\/\/www.gruppopdregionetoscana.it\/web\/wp-json\/wp\/v2\/tags?post=15190"}],"curies":[{"name":"wp","href":"https:\/\/api.w.org\/{rel}","templated":true}]}}