{"id":15462,"date":"2017-04-12T12:46:50","date_gmt":"2017-04-12T10:46:50","guid":{"rendered":"http:\/\/www.gruppopdregionetoscana.it\/web\/?p=15462"},"modified":"2017-04-12T12:46:50","modified_gmt":"2017-04-12T10:46:50","slug":"tragedie-moby-prince-viareggio-e-giglio-presto-un-armadio-della-memoria-e-un-coordinamento-tra-enti-e-associazioni-dei-familiari-delle-vittime","status":"publish","type":"post","link":"https:\/\/www.gruppopdregionetoscana.it\/web\/tragedie-moby-prince-viareggio-e-giglio-presto-un-armadio-della-memoria-e-un-coordinamento-tra-enti-e-associazioni-dei-familiari-delle-vittime\/","title":{"rendered":"Tragedie Moby Prince, Viareggio e Giglio: presto un \u201cArmadio della memoria\u201d e un coordinamento tra enti e associazioni dei familiari delle vittime"},"content":{"rendered":"<p><strong>Votata all\u2019unanimit\u00e0<\/strong> una mozione proposta dai consiglieri Pd Stefano Baccelli, Francesco Gazzetti, Monia Monni, Leonardo Marras, Lucia De Robertis, Fiammetta Capirossi, Marco Niccolai, Titta Meucci, Nicola Ciolini, Stefano Scaramelli, Antonio Mazzeo, Gianni Anselmi<strong>,\u00a0 <\/strong>e sottoscritta anche da Gabriele Bianchi, <strong>M5S, <\/strong>Stefano Mugnai<strong>, Forza Italia,<\/strong> Elisa Montemagni<strong>, Lega Nord, <\/strong>Tommaso Fattori<strong>, Si Toscana a Sinistra, <\/strong>Serena Spinelli<strong>, Art.1-Mdp e <\/strong>Giovanni Donzelli<strong>, Fdi<\/strong>.<\/p>\n<p><img loading=\"lazy\" decoding=\"async\" class=\"alignleft size-full wp-image-15452\" src=\"http:\/\/www.gruppopdregionetoscana.it\/web\/wp-content\/uploads\/2017\/04\/livorno-viareggio-giglio.jpg\" alt=\"livorno-viareggio-giglio\" width=\"974\" height=\"500\" srcset=\"https:\/\/www.gruppopdregionetoscana.it\/web\/wp-content\/uploads\/2017\/04\/livorno-viareggio-giglio.jpg 974w, https:\/\/www.gruppopdregionetoscana.it\/web\/wp-content\/uploads\/2017\/04\/livorno-viareggio-giglio-300x154.jpg 300w\" sizes=\"auto, (max-width: 974px) 100vw, 974px\" \/>Un \u201c<strong>Armadio della memoria<\/strong>\u201d nella biblioteca della Toscana Pietro Leopoldo e un tavolo di coordinamento regionale tra istituzioni ed associazioni dei familiari delle vittime. Sono questi i punti salienti di una mozione approvata all\u2019unanimit\u00e0 ieri dal Consiglio regionale su proposta di alcuni consiglieri Pd e sottoscritta da esponenti di tutti i gruppi politici. L\u2019idea \u00e8 quella di \u201cuno spazio dedicato all\u2019archiviazione, sia fisica che digitale, del patrimonio documentale disponibile in merito agli eventi di Livorno, Viareggio e dell\u2019Isola del Giglio, da effettuarsi di concerto con le associazioni dei familiari delle vittime, al fine di contribuire a diffondere una cultura della legalit\u00e0, dello sviluppo della coscienza civile e democratica nonch\u00e9 della sicurezza nel settore dei trasporti\u201d. Gli eventi tragici ai quali si fa riferimento sono la sciagura della Moby Prince a Livorno del 1991, la strage della stazione ferroviaria di Viareggio del 2009 ed il naufragio della Costa Concordia. Inoltre, la mozione approvata punta ad istituire presso la giunta toscana un \u2018<strong>Coordinamento regionale\u2019<\/strong> finalizzato a mantenere viva la memoria sui disastri marittimi e ferroviari avvenuti in Toscana, composto dai soggetti interessati al tema in oggetto, a partire dalle istituzioni locali e dalle associazioni dei familiari delle vittime, nonch\u00e9 da una rappresentanza del Consiglio regionale\u201d.<\/p>\n<p>&nbsp;<\/p>\n<p>\u00abAbbiamo sempre fatto un appello, su questi temi, alla massima unit\u00e0 \u2013 ha detto <strong>Stefano Baccelli<\/strong> presentando la mozione in aula \u2013 e anche per questo sono particolarmente soddisfatto per l\u2019adesione di tutti i gruppi a questa proposta, messa in campo grazie anche al lavoro fatto con il collega <strong>Francesco Gazzetti<\/strong>, che ha dato un contributo di creativit\u00e0, con la proposta di un armadio della memoria da contrapporre idealmente a quello della vergogna. I tre tragici eventi \u2013 ha spiegato Baccelli \u2013 hanno avuto procedimenti giudiziari con esiti diversi. Proprio in questi giorni, sulla tragedia del Moby, abbiamo appreso della notizia di nuovi possibili sviluppi dell\u2019indagine, grazie anche all\u2019impulso della Commissione parlamentare. In generale, oltre alle inchieste e ai processi, abbiamo bisogno di valorizzare il grande lavoro fatto dalle associazioni dei familiari delle vittime, che sono riusciti a trasformare la loro sofferenza in impegno per gli altri, con l\u2019obiettivo, oltre alla ricerca della giustizia, di migliorare la sicurezza dei trasporti marittimi e ferroviari. Queste associazioni hanno raccolto una quantit\u00e0 di documentazione impressionante, che abbiamo il dovere di non disperdere, di rendere fruibile a tutti. Ecco, quindi, la proposta di uno spazio dedicato nella Biblioteca regionale Pietro Leopoldo. Insieme ad esso \u2013 ha concluso Baccelli \u2013 impegniamo la giunta toscana ad istituire un Coordinamento regionale tra istituzioni e associazioni dei familiari, con l\u2019obiettivo di continuare a sostenere il loro lavoro\u00bb.<\/p>\n<p>\u00abLa Toscana \u2013 ha detto il capogruppo <strong>Leonardo Marras<\/strong> intervenendo in aula \u2013 \u00e8 stata in pochi anni scenario di tre grandi disastri, avvenimenti che hanno segnato le coscienze collettive.<\/p>\n<p>Del naufragio della Costa Concordia conservo il ricordo personale delle ore dell\u2019emergenza, vissuta direttamente nella sala della protezione civile. A differenza delle altre tragedie, quella del Giglio, \u00e8 stata particolare, perch\u00e9 ha coinvolto la comunit\u00e0 di una piccola isola, che rischia di diventare un luogo dimenticato. Anche per queste ragioni \u2013 ha concluso Marras \u2013 \u00e8 giusto ed \u00e8 utile ricordare, soprattutto per fare in modo che i temi di una maggiore sicurezza nei trasporti e del turismo sicuro, continuino a vedere un impegno e un lavoro delle istituzioni\u00bb.<\/p>\n<p>&nbsp;<\/p>\n<p>\u00abDobbiamo restituire un senso civico, politico e culturale a ogni memoria del passato che faccia in modo che tragedie e incidenti, errori umani e tentativi di occultamento della verit\u00e0 e delle responsabilit\u00e0 non abbiano a ripetersi.\u00a0 \u2013 aggiunge <strong>Francesco Gazzetti<\/strong> \u2013 Durante la cerimonia di commemorazione delle vittime del disastro del Moby Prince, il 10 aprile scorso a Livorno, ho avuto modo di anticipare ai presenti la nostra proposta di Armadio della memoria e ho riscontrato un vivo interesse. Spero che esso, insieme al coordinamento regionale, possa rappresentare uno strumento utile per tutte le associazioni dei familiari e di grande attualit\u00e0, proprio ora che si riapre qualche spiraglio anche dal punto di vista giudiziario per l\u2019accertamento della verit\u00e0\u00bb.<\/p>\n<p>&nbsp;<\/p>\n<p>\u00abLa conservazione della memoria \u2013 aggiunge la vicecapogruppo <strong>Monia Monni<\/strong> \u2013 \u00e8 fatta anche della costruzione di opportunit\u00e0 ed iniziative per alimentarla continuamente. Dobbiamo farlo anche guardando al ruolo e all\u2019importanza che la Toscana ha nello scenario nazionale ed internazionale. Se lo fa Toscana, ci\u00f2 pu\u00f2 avere un peso ed una rilevanza capace di dare spunti anche ad altri. La nostra \u00e8 una terra di diritti e di giustizia da sempre, una terra alla quale anche dall\u2019estero, come abbiamo visto in pi\u00f9 occasioni, si guarda nella speranza che essa possa alimentare speranze e prospettive di giustizia e verit\u00e0\u00bb.<\/p>\n","protected":false},"excerpt":{"rendered":"<p>Votata all\u2019unanimit\u00e0 una mozione proposta dai consiglieri Pd Stefano Baccelli, Francesco Gazzetti, Monia Monni, Leonardo Marras, Lucia De Robertis, Fiammetta Capirossi, Marco Niccolai, Titta Meucci, Nicola Ciolini, Stefano Scaramelli, Antonio Mazzeo, Gianni Anselmi,\u00a0 e sottoscritta anche da Gabriele Bianchi, M5S, Stefano Mugnai, Forza Italia, Elisa Montemagni, Lega Nord, Tommaso Fattori, Si Toscana a Sinistra, Serena [&hellip;]<\/p>\n","protected":false},"author":1,"featured_media":15463,"comment_status":"closed","ping_status":"closed","sticky":false,"template":"","format":"standard","meta":{"_jetpack_memberships_contains_paid_content":false,"footnotes":""},"categories":[30,1002,954,955,958],"tags":[],"class_list":{"0":"post-15462","1":"post","2":"type-post","3":"status-publish","4":"format-standard","5":"has-post-thumbnail","7":"category-comunicati-stampa","8":"category-francesco-gazzetti","9":"category-leonardo-marras","10":"category-monia-monni","11":"category-stefano-baccelli","12":"czr-hentry"},"jetpack_featured_media_url":"https:\/\/www.gruppopdregionetoscana.it\/web\/wp-content\/uploads\/2017\/04\/tragedie.jpg","jetpack_sharing_enabled":true,"_links":{"self":[{"href":"https:\/\/www.gruppopdregionetoscana.it\/web\/wp-json\/wp\/v2\/posts\/15462","targetHints":{"allow":["GET"]}}],"collection":[{"href":"https:\/\/www.gruppopdregionetoscana.it\/web\/wp-json\/wp\/v2\/posts"}],"about":[{"href":"https:\/\/www.gruppopdregionetoscana.it\/web\/wp-json\/wp\/v2\/types\/post"}],"author":[{"embeddable":true,"href":"https:\/\/www.gruppopdregionetoscana.it\/web\/wp-json\/wp\/v2\/users\/1"}],"replies":[{"embeddable":true,"href":"https:\/\/www.gruppopdregionetoscana.it\/web\/wp-json\/wp\/v2\/comments?post=15462"}],"version-history":[{"count":0,"href":"https:\/\/www.gruppopdregionetoscana.it\/web\/wp-json\/wp\/v2\/posts\/15462\/revisions"}],"wp:featuredmedia":[{"embeddable":true,"href":"https:\/\/www.gruppopdregionetoscana.it\/web\/wp-json\/wp\/v2\/media\/15463"}],"wp:attachment":[{"href":"https:\/\/www.gruppopdregionetoscana.it\/web\/wp-json\/wp\/v2\/media?parent=15462"}],"wp:term":[{"taxonomy":"category","embeddable":true,"href":"https:\/\/www.gruppopdregionetoscana.it\/web\/wp-json\/wp\/v2\/categories?post=15462"},{"taxonomy":"post_tag","embeddable":true,"href":"https:\/\/www.gruppopdregionetoscana.it\/web\/wp-json\/wp\/v2\/tags?post=15462"}],"curies":[{"name":"wp","href":"https:\/\/api.w.org\/{rel}","templated":true}]}}