{"id":15465,"date":"2017-04-12T12:54:07","date_gmt":"2017-04-12T10:54:07","guid":{"rendered":"http:\/\/www.gruppopdregionetoscana.it\/web\/?p=15465"},"modified":"2017-04-12T12:54:07","modified_gmt":"2017-04-12T10:54:07","slug":"cave-ok-unanime-a-mozione-di-bugliani-per-la-sicurezza-delle-macchine-a-filo","status":"publish","type":"post","link":"https:\/\/www.gruppopdregionetoscana.it\/web\/cave-ok-unanime-a-mozione-di-bugliani-per-la-sicurezza-delle-macchine-a-filo\/","title":{"rendered":"Cave, ok unanime a mozione di Bugliani per la sicurezza delle macchine \u201ca filo\u201d"},"content":{"rendered":"<p><strong><img loading=\"lazy\" decoding=\"async\" class=\"size-medium wp-image-13314 alignleft\" src=\"http:\/\/www.gruppopdregionetoscana.it\/web\/wp-content\/uploads\/2016\/07\/cave-300x159.jpg\" alt=\"cave\" width=\"300\" height=\"159\" srcset=\"https:\/\/www.gruppopdregionetoscana.it\/web\/wp-content\/uploads\/2016\/07\/cave-300x159.jpg 300w, https:\/\/www.gruppopdregionetoscana.it\/web\/wp-content\/uploads\/2016\/07\/cave.jpg 683w\" sizes=\"auto, (max-width: 300px) 100vw, 300px\" \/><\/strong><em>lIconsigliere regionale Pd interviene in merito all\u2019utilizzo delle tagliatrici a filo diamantato nel comparto lapideo, attrezzature che rischiano di essere pericolose, sollecitando regole chiare ma anche un monitoraggio e un eventuale sostituzione<\/em><\/p>\n<p>&nbsp;<\/p>\n<p>Prescrizioni chiare relativamente all\u2019utilizzo dei macchinari \u201ca filo\u201d nel lavoro in cava, specifici incentivi volti alla rottamazione di quelli pi\u00f9 vecchi e a una loro sostituzione con strumenti pi\u00f9 adeguati e sicuri. \u00c8 ci\u00f2 che chiede <strong>Giacomo Bugliani<\/strong>, consigliere regionale Pd e presidente commissione Affari istituzionali, con la mozione titolata proprio <strong><em>\u201cIn merito alla sicurezza delle macchine \u2018a filo\u2019 operanti nell\u2019ambito del comparto estrattivo\u201d<\/em><\/strong>, approvata all\u2019unanimit\u00e0 nella seduta odierna del Consiglio regionale toscano.<\/p>\n<p>\u201cLa mozione si concentra sulle tagliatrici a filo diamantato, attrezzature utilizzate per il taglio delle rocce e per l\u2019estrazione, talora risultate poco sicure e diventate quindi causa di incidenti, come ha rivelato uno studio del Politecnico di Torino che ha segnalato \u2018la mancanza di una ricerca in grado di migliorare le condizioni operative e l\u2019efficacia del processo\u2019 \u2013 spiega Bugliani &#8211; Nel solo distretto apuano risultano al momento operativi circa 600 macchinari di questo tipo, molti in funzione da anni e quindi verosimilmente obsoleti. Quella degli infortuni sul lavoro nel comparto lapideo \u00e8 una questione fortemente sentita e doverosamente al centro della discussione e deve assolutamente continuare a rappresentare una priorit\u00e0 per tutte le istituzioni. Troppe infatti le vittime in questi anni nelle nostre cave, fondamentale risulta allora mettere in campo ogni tipo di soluzione per evitare le situazioni pericolose. Va ricordato inoltre che poco tempo fa proprio questo tipo di strumentazione \u00e8 stato causa di un incidente mortale. La Regione \u00e8 gi\u00e0 attiva da tempo per migliorare le condizioni di sicurezza nelle cave, con un piano elaborato e complesso che prevede diverse azioni, in primis il rafforzamento delle attivit\u00e0 di prevenzione e controllo. Il tema dei macchinari utilizzati quindi deve essere affrontato con sollecitudine da parte del Governo, anche attraverso la commissione speciale per la sicurezza del lavoro nelle cave e dalla Regione, che sicuramente non pu\u00f2 perdere di vista questo aspetto cos\u00ec delicato e cruciale. Ci tengo a ricordare che il governatore ha gi\u00e0 evidenziato la necessit\u00e0 di concentrare gli sforzi su questa tipologia di macchinario e nell\u2019incontro del febbraio 2017 al Ministero dello Sviluppo economico \u00e8 emersa da parte della Regione l\u2019urgenza di affrontare questo tema\u201d.<\/p>\n<p>\u201cL\u2019obiettivo della mozione \u00e8 quindi rimettere in primo piano la questione della strumentazione, che ha un notevole impatto sulla sicurezza del comparto lapideo: l\u2019impegno che chiedo alla Giunta \u00e8 da un lato di attivarsi per la predisposizione di norme chiare sulle modalit\u00e0 d\u2019uso delle macchine \u2018a filo\u2019, dall\u2019altro di valutare l\u2019inserimento di incentivi per la rottamazione di alcune di queste e una eventuale successiva sostituzione con altre pi\u00f9 nuove, nell\u2019ambito delle azioni gi\u00e0 avviate in tema di prevenzione e riduzione del rischio nelle attivit\u00e0 lavorative in cava\u201d, conclude Bugliani.<\/p>\n","protected":false},"excerpt":{"rendered":"<p>lIconsigliere regionale Pd interviene in merito all\u2019utilizzo delle tagliatrici a filo diamantato nel comparto lapideo, attrezzature che rischiano di essere pericolose, sollecitando regole chiare ma anche un monitoraggio e un eventuale sostituzione &nbsp; Prescrizioni chiare relativamente all\u2019utilizzo dei macchinari \u201ca filo\u201d nel lavoro in cava, specifici incentivi volti alla rottamazione di quelli pi\u00f9 vecchi e [&hellip;]<\/p>\n","protected":false},"author":1,"featured_media":13314,"comment_status":"closed","ping_status":"closed","sticky":false,"template":"","format":"standard","meta":{"_jetpack_memberships_contains_paid_content":false,"footnotes":""},"categories":[30,961],"tags":[695,104,105,88],"class_list":{"0":"post-15465","1":"post","2":"type-post","3":"status-publish","4":"format-standard","5":"has-post-thumbnail","7":"category-comunicati-stampa","8":"category-giacomo-bugliani","9":"tag-cave","10":"tag-economia","11":"tag-lavoro","12":"tag-sicurezza","13":"czr-hentry"},"jetpack_featured_media_url":"https:\/\/www.gruppopdregionetoscana.it\/web\/wp-content\/uploads\/2016\/07\/cave.jpg","jetpack_sharing_enabled":true,"_links":{"self":[{"href":"https:\/\/www.gruppopdregionetoscana.it\/web\/wp-json\/wp\/v2\/posts\/15465","targetHints":{"allow":["GET"]}}],"collection":[{"href":"https:\/\/www.gruppopdregionetoscana.it\/web\/wp-json\/wp\/v2\/posts"}],"about":[{"href":"https:\/\/www.gruppopdregionetoscana.it\/web\/wp-json\/wp\/v2\/types\/post"}],"author":[{"embeddable":true,"href":"https:\/\/www.gruppopdregionetoscana.it\/web\/wp-json\/wp\/v2\/users\/1"}],"replies":[{"embeddable":true,"href":"https:\/\/www.gruppopdregionetoscana.it\/web\/wp-json\/wp\/v2\/comments?post=15465"}],"version-history":[{"count":0,"href":"https:\/\/www.gruppopdregionetoscana.it\/web\/wp-json\/wp\/v2\/posts\/15465\/revisions"}],"wp:featuredmedia":[{"embeddable":true,"href":"https:\/\/www.gruppopdregionetoscana.it\/web\/wp-json\/wp\/v2\/media\/13314"}],"wp:attachment":[{"href":"https:\/\/www.gruppopdregionetoscana.it\/web\/wp-json\/wp\/v2\/media?parent=15465"}],"wp:term":[{"taxonomy":"category","embeddable":true,"href":"https:\/\/www.gruppopdregionetoscana.it\/web\/wp-json\/wp\/v2\/categories?post=15465"},{"taxonomy":"post_tag","embeddable":true,"href":"https:\/\/www.gruppopdregionetoscana.it\/web\/wp-json\/wp\/v2\/tags?post=15465"}],"curies":[{"name":"wp","href":"https:\/\/api.w.org\/{rel}","templated":true}]}}