{"id":15467,"date":"2017-04-12T13:00:31","date_gmt":"2017-04-12T11:00:31","guid":{"rendered":"http:\/\/www.gruppopdregionetoscana.it\/web\/?p=15467"},"modified":"2017-04-12T13:00:31","modified_gmt":"2017-04-12T11:00:31","slug":"disabilita-unanimita-a-mozione-di-bugliani-per-sedie-job-negli-stabilimenti-balneari","status":"publish","type":"post","link":"https:\/\/www.gruppopdregionetoscana.it\/web\/disabilita-unanimita-a-mozione-di-bugliani-per-sedie-job-negli-stabilimenti-balneari\/","title":{"rendered":"Disabilit\u00e0, unanimit\u00e0 a mozione di Bugliani per \u201csedie job\u201d negli stabilimenti balneari"},"content":{"rendered":"<p><strong><img loading=\"lazy\" decoding=\"async\" class=\"size-full wp-image-14457 alignleft\" src=\"http:\/\/www.gruppopdregionetoscana.it\/web\/wp-content\/uploads\/2016\/11\/images.jpg\" alt=\"disabilit\u00e0\" width=\"275\" height=\"183\" \/><\/strong><em>Via libera dall\u2019assemblea toscana alla proposta del consigliere regionale per evitare situazioni di ostacolo o impedimento nell\u2019accesso al mare per persone svantaggiate<\/em><\/p>\n<p>&nbsp;<\/p>\n<p>Sedie a ruote speciali, realizzate in alluminio e con ruote gonfiabili, studiate appositamente per la balneazione di portatori di handicap, facilitando l\u2019accesso in acqua e la possibilit\u00e0 di camminare sul bagnasciuga. Si chiamano \u201csedie job\u201d e rappresentano un semplice ma importante accorgimento per agevolare l\u2019accessibilit\u00e0 in ambito balneare alle persone con disabilit\u00e0 motorie. Per favorirne l\u2019utilizzo e pi\u00f9 in generale mettere in campo ogni azione, anche di sensibilizzazione, volta a facilitare l\u2019accesso al mare, <strong>Giacomo Bugliani<\/strong>, consigliere regionale Pd e presidente commissione Affari istituzionali, ha promosso una mozione ad hoc, approvata all\u2019unanimit\u00e0 oggi dal Consiglio regionale.<\/p>\n<p>\u201cQuesta mozione parte da un presupposto basilare, la necessit\u00e0 di garantire in ogni ambito la libert\u00e0 di spostamento e quindi la massima fruizione di ogni ambiente per i cittadini con disabilit\u00e0 motorie; nello stesso tempo, va ricordato, che il nostro consiglio regionale, nel testo sul turismo che abbiamo da poco approvato, ha fissato un principio fondamentale, l\u2019idea che si debba dare vita quanto pi\u00f9 possibile a forme di turismo accessibile. \u2013 spiega Bugliani \u2013 E la vocazione turistica della nostra regione \u00e8 un dato assodato, cos\u00ec come il dato di vantare una costa frequentatissima e attrattiva. Penso a Massa Carrara e all\u2019importanza del turismo, una delle principali risorse economiche, da sostenere e valorizzare. Punto l\u2019attenzione su un particolare dispositivo, quello delle sedie job, che consentono ai cittadini disabili non sono di entrare in mare ma anche di camminare senza difficolt\u00e0 sul bagnaasciuga. Esistono gi\u00e0 sul nostro territorio realt\u00e0 virtuose\u00a0 riguardanti l\u2019impegno di amministrazioni locali e stabilimenti balneari che si sono dotati di questo strumento. Mettere in atto, nel rispetto della propria competenza, ogni iniziativa utile, anche di sensibilizzazione, affinch\u00e9 le amministrazioni locali e i concessionari o proprietari di stabilimenti balneari possano dotarsi di questo dispositivo o di un altro analogo, utile a facilitare l\u2019accesso alle spiagge e al mare dei cittadini e turisti con disabilit\u00e0: \u00e8 questo l\u2019obiettivo primario della mozione. Ritengo fondamentale lavorare concretamente per l\u2019abbattimento delle barriere architettoniche, cos\u00ec come credo sia necessario attivarsi alacremente anche per evitare ogni tipo di situazione di rischio, ostacolo o di impedimento alla mobilit\u00e0 e fruibilit\u00e0 generale; in questo rientrano anche azioni per facilitare l\u2019accesso al mare\u201d.<\/p>\n","protected":false},"excerpt":{"rendered":"<p>Via libera dall\u2019assemblea toscana alla proposta del consigliere regionale per evitare situazioni di ostacolo o impedimento nell\u2019accesso al mare per persone svantaggiate &nbsp; Sedie a ruote speciali, realizzate in alluminio e con ruote gonfiabili, studiate appositamente per la balneazione di portatori di handicap, facilitando l\u2019accesso in acqua e la possibilit\u00e0 di camminare sul bagnasciuga. Si [&hellip;]<\/p>\n","protected":false},"author":1,"featured_media":14457,"comment_status":"closed","ping_status":"closed","sticky":false,"template":"","format":"standard","meta":{"_jetpack_memberships_contains_paid_content":false,"footnotes":""},"categories":[30,961],"tags":[],"class_list":{"0":"post-15467","1":"post","2":"type-post","3":"status-publish","4":"format-standard","5":"has-post-thumbnail","7":"category-comunicati-stampa","8":"category-giacomo-bugliani","9":"czr-hentry"},"jetpack_featured_media_url":"https:\/\/www.gruppopdregionetoscana.it\/web\/wp-content\/uploads\/2016\/11\/images.jpg","jetpack_sharing_enabled":true,"_links":{"self":[{"href":"https:\/\/www.gruppopdregionetoscana.it\/web\/wp-json\/wp\/v2\/posts\/15467","targetHints":{"allow":["GET"]}}],"collection":[{"href":"https:\/\/www.gruppopdregionetoscana.it\/web\/wp-json\/wp\/v2\/posts"}],"about":[{"href":"https:\/\/www.gruppopdregionetoscana.it\/web\/wp-json\/wp\/v2\/types\/post"}],"author":[{"embeddable":true,"href":"https:\/\/www.gruppopdregionetoscana.it\/web\/wp-json\/wp\/v2\/users\/1"}],"replies":[{"embeddable":true,"href":"https:\/\/www.gruppopdregionetoscana.it\/web\/wp-json\/wp\/v2\/comments?post=15467"}],"version-history":[{"count":0,"href":"https:\/\/www.gruppopdregionetoscana.it\/web\/wp-json\/wp\/v2\/posts\/15467\/revisions"}],"wp:featuredmedia":[{"embeddable":true,"href":"https:\/\/www.gruppopdregionetoscana.it\/web\/wp-json\/wp\/v2\/media\/14457"}],"wp:attachment":[{"href":"https:\/\/www.gruppopdregionetoscana.it\/web\/wp-json\/wp\/v2\/media?parent=15467"}],"wp:term":[{"taxonomy":"category","embeddable":true,"href":"https:\/\/www.gruppopdregionetoscana.it\/web\/wp-json\/wp\/v2\/categories?post=15467"},{"taxonomy":"post_tag","embeddable":true,"href":"https:\/\/www.gruppopdregionetoscana.it\/web\/wp-json\/wp\/v2\/tags?post=15467"}],"curies":[{"name":"wp","href":"https:\/\/api.w.org\/{rel}","templated":true}]}}