{"id":15469,"date":"2017-04-12T13:03:26","date_gmt":"2017-04-12T11:03:26","guid":{"rendered":"http:\/\/www.gruppopdregionetoscana.it\/web\/?p=15469"},"modified":"2017-04-12T13:03:26","modified_gmt":"2017-04-12T11:03:26","slug":"sclerosi-multipla-e-malattie-croniche-un-gruppo-di-lavoro-permanente-e-un-budget-dedicato-alla-patologia","status":"publish","type":"post","link":"https:\/\/www.gruppopdregionetoscana.it\/web\/sclerosi-multipla-e-malattie-croniche-un-gruppo-di-lavoro-permanente-e-un-budget-dedicato-alla-patologia\/","title":{"rendered":"Sclerosi Multipla e Malattie Croniche, Un gruppo di lavoro permanente e un budget dedicato alla patologia"},"content":{"rendered":"<h2>Approvata all\u2019unanimit\u00e0 mozione Pd, primi firmatari il presidente della commissione sanit\u00e0 <strong>Stefano Scaramelli<\/strong> e il consigliere <strong>Nicola Ciolini<\/strong>.<\/h2>\n<p><img loading=\"lazy\" decoding=\"async\" class=\"alignleft size-full wp-image-15229\" src=\"http:\/\/www.gruppopdregionetoscana.it\/web\/wp-content\/uploads\/2017\/03\/sclerosimultipla.jpg\" alt=\"sclerosimultipla\" width=\"750\" height=\"553\" srcset=\"https:\/\/www.gruppopdregionetoscana.it\/web\/wp-content\/uploads\/2017\/03\/sclerosimultipla.jpg 750w, https:\/\/www.gruppopdregionetoscana.it\/web\/wp-content\/uploads\/2017\/03\/sclerosimultipla-300x221.jpg 300w\" sizes=\"auto, (max-width: 750px) 100vw, 750px\" \/>Valutare la costituzione di un gruppo di lavoro permanente sulle malattie croniche, a partire inizialmente dalla Sclerosi Multipla, e definire nuovi percorsi diagnostici, di cura e di assistenza, prevedendo un apposito budget nel bilancio della Regione.<\/p>\n<p>Sono questi gli impegni affidati alla giunta regionale con il voto unanime dell\u2019aula a una mozione proposta dai consiglieri regionali del Pd <strong>Stefano Scaramelli<\/strong>, presidente della commissione sanit\u00e0 e politiche sociali, e <strong>Nicola Ciolini<\/strong>, componente della stessa commissione.<\/p>\n<p>Il documento impegna la giunta toscana a \u201cvalutare l\u2019opportunit\u00e0 di prevedere la costituzione di un gruppo di lavoro permanente sulle malattie croniche, focalizzato inizialmente sulla Sclerosi Multipla, (che al proprio interno veda la presenza di rappresentanti delle Direzioni per la programmazione delle Aree Vaste e di esponenti del mondo clinico che, nell\u2019ultimo caso, possano portare il punto di vista delle realt\u00e0 universitarie ed ospedaliere di ogni Area Vasta), al fine di definire modelli specifici di organizzazione dei servizi nell\u2019ottica di un\u2019efficace ed efficiente gestione e presa in carico del paziente cronico\u201d e a \u201cdefinire, visto il carattere paradigmatico della Sclerosi Multipla, dei percorsi diagnostici terapeutici e assistenziali per tutte le forme cliniche della SM, da ottenersi mediante un aggiornamento della Delibera G.R. n. 686\/2015 e volti a definire, nei limiti delle risorse di bilancio, un budget di spesa dedicato alla patologia, nell\u2019ottica di un\u2019efficace ed efficiente gestione delle risorse, materiali ed immateriali, destinate alla SM.\u201d.<\/p>\n<p>\u00abTra le malattie croniche \u2013 ha spiegato <strong>Nicola Ciolini<\/strong> presentando la mozione in aula \u2013 certamente la Sclerosi Multipla \u00e8 tra quelle con pi\u00f9 impatto sul sistema sanitario, sia in termini quantitativi che qualitativi, visto che colpisce prevalentemente soggetti nella fascia di et\u00e0 giovane-adulta, comporta una disabilit\u00e0 progressiva nel tempo, determina l&#8217;impegno di cospicue risorse sanitarie ed ha una lunga durata, stimata in media intorno a 40 anni dall&#8217;esordio clinico. Questo porta a una presa in carico piena del paziente, perch\u00e9 oltre che garantire i bisogni sanitari per tutta la durata della malattia, vi sono le esigenze di inclusione sociale e di mantenimento dell&#8217;attivit\u00e0 lavorativa, garantendo quindi servizi e interventi differenziati ed integrati. Ecco perch\u00e9 \u2013 ha concluso Ciolini \u2013 \u00e8 opportuno dotarsi di strumenti nuovi per intervenire con pi\u00f9 efficacia e determinazione\u00bb.<\/p>\n<p>&nbsp;<\/p>\n<p>\u00abRecentemente, proprio con il collega Ciolini, \u2013 aggiunge <strong>Stefano Scaramelli<\/strong> \u2013 abbiamo partecipato al meeting delle Neuroscienze toscane SNO-SIN intitolato \u201cDall\u2019epidemiologia ai percorsi interdisciplinari\u201d, un convengo svoltosi a Grosseto che si \u00e8 occupato proprio di alcuni dei temi sollevati con la nostra mozione. Secondo gli ultimi rilevamenti disponibili i casi di Sclerosi Multipla in Italia sono circa 70mila e in Toscana, grazie un recente algoritmo messo a punto dall\u2019ARS ha consentito di individuare 6.683 persone affette dalla patologia al 1\u00b0 gennaio 2012, per un\u2019incidenza pari a 182 casi ogni 100mila abitanti, mentre a livello nazionale si parla di 110 casi su 100mila. Sono numeri importanti, che riguardano la qualit\u00e0 della vita di chi \u00e8 affetto da SM ma che hanno ripercussione sui costi sociali ed economici, diretti e indiretti, del sistema sanitario. Conseguenze che investono, oltre ai malati, anche i familiari. Un diverso modo di affrontare e gestire il grande tema della cronicit\u00e0 \u2013 prosegue <strong>Scaramelli<\/strong> \u2013 \u00e8 la vera sfida per il sistema sociosanitario dei paesi pi\u00f9 avanzati, cosa che ha determinato la scelta di praticare un nuovo modello, che prevede un potenziamento delle cure primarie, la valorizzazione del lavoro di squadra e un ruolo attivo dell\u2019ammalato. I percorsi diagnostico-terapeutici pi\u00f9 avanzati \u2013 precisa <strong>Scaramelli<\/strong> \u2013 richiedono un nuovo modello di intervento che, a nostro avviso, deve essere praticato pienamente ed aggiornato. Ci\u00f2 significa: pi\u00f9 lavoro di equipe, interdisciplinarit\u00e0, continuit\u00e0 ed integrazione tra i percorsi territoriali ed ospedalieri. Per questo \u2013 conclude il presidente della commissione \u2013 riteniamo utile dedicare alle malattie croniche, a partire dalla SM, un team di lavoro permanente e, nei limiti delle risorse disponibili, un fondo destinato alla patologia\u00bb.<\/p>\n","protected":false},"excerpt":{"rendered":"<p>Approvata all\u2019unanimit\u00e0 mozione Pd, primi firmatari il presidente della commissione sanit\u00e0 Stefano Scaramelli e il consigliere Nicola Ciolini. Valutare la costituzione di un gruppo di lavoro permanente sulle malattie croniche, a partire inizialmente dalla Sclerosi Multipla, e definire nuovi percorsi diagnostici, di cura e di assistenza, prevedendo un apposito budget nel bilancio della Regione. Sono [&hellip;]<\/p>\n","protected":false},"author":1,"featured_media":15470,"comment_status":"closed","ping_status":"closed","sticky":false,"template":"","format":"standard","meta":{"_jetpack_memberships_contains_paid_content":false,"footnotes":""},"categories":[30,124,963,971],"tags":[487,1714],"class_list":{"0":"post-15469","1":"post","2":"type-post","3":"status-publish","4":"format-standard","5":"has-post-thumbnail","7":"category-comunicati-stampa","8":"category-propmozioni","9":"category-nicola-ciolini","10":"category-stefano-scaramelli","11":"tag-salute","12":"tag-sclerosi-multipla","13":"czr-hentry"},"jetpack_featured_media_url":"https:\/\/www.gruppopdregionetoscana.it\/web\/wp-content\/uploads\/2017\/04\/Scaramelli-Ciolini.jpg","jetpack_sharing_enabled":true,"_links":{"self":[{"href":"https:\/\/www.gruppopdregionetoscana.it\/web\/wp-json\/wp\/v2\/posts\/15469","targetHints":{"allow":["GET"]}}],"collection":[{"href":"https:\/\/www.gruppopdregionetoscana.it\/web\/wp-json\/wp\/v2\/posts"}],"about":[{"href":"https:\/\/www.gruppopdregionetoscana.it\/web\/wp-json\/wp\/v2\/types\/post"}],"author":[{"embeddable":true,"href":"https:\/\/www.gruppopdregionetoscana.it\/web\/wp-json\/wp\/v2\/users\/1"}],"replies":[{"embeddable":true,"href":"https:\/\/www.gruppopdregionetoscana.it\/web\/wp-json\/wp\/v2\/comments?post=15469"}],"version-history":[{"count":0,"href":"https:\/\/www.gruppopdregionetoscana.it\/web\/wp-json\/wp\/v2\/posts\/15469\/revisions"}],"wp:featuredmedia":[{"embeddable":true,"href":"https:\/\/www.gruppopdregionetoscana.it\/web\/wp-json\/wp\/v2\/media\/15470"}],"wp:attachment":[{"href":"https:\/\/www.gruppopdregionetoscana.it\/web\/wp-json\/wp\/v2\/media?parent=15469"}],"wp:term":[{"taxonomy":"category","embeddable":true,"href":"https:\/\/www.gruppopdregionetoscana.it\/web\/wp-json\/wp\/v2\/categories?post=15469"},{"taxonomy":"post_tag","embeddable":true,"href":"https:\/\/www.gruppopdregionetoscana.it\/web\/wp-json\/wp\/v2\/tags?post=15469"}],"curies":[{"name":"wp","href":"https:\/\/api.w.org\/{rel}","templated":true}]}}