{"id":15495,"date":"2017-04-14T10:37:02","date_gmt":"2017-04-14T08:37:02","guid":{"rendered":"http:\/\/www.gruppopdregionetoscana.it\/web\/?p=15495"},"modified":"2017-04-14T10:37:02","modified_gmt":"2017-04-14T08:37:02","slug":"floramiata-e-altre-aziende-in-crisi-nellamiata-bezzini-necessarie-misure-straordinarie-per-tutelare-i-lavoratori","status":"publish","type":"post","link":"https:\/\/www.gruppopdregionetoscana.it\/web\/floramiata-e-altre-aziende-in-crisi-nellamiata-bezzini-necessarie-misure-straordinarie-per-tutelare-i-lavoratori\/","title":{"rendered":"Floramiata e altre aziende in crisi nell\u2019Amiata, Bezzini: \u201cNecessarie misure straordinarie per tutelare i lavoratori\u201d"},"content":{"rendered":"<p><i><span style=\"color: #000000; font-family: Calibri;\">Interrogazione del consigliere regionale alla Giunta sottoscritta anche da Leonardo Marras e Stefano Scaramelli<\/span><\/i><\/p>\n<p><i><span style=\"color: #000000; font-family: Calibri;\">\u00a0<\/span><\/i><span style=\"font-family: Calibri;\"><span style=\"color: #000000;\">La tutela dei lavoratori di Floramiata\u00a0 e di altre aziende in crisi nel territorio amiatino. Sono gli argomenti oggetto dell\u2019interrogazione <b>presentata dal consigliere del Partito democratico in Regione Simone Bezzini <\/b><\/span><span style=\"color: #000000;\">che nello specifico chiede alla Giunta quali misure straordinarie intenda mettere in atto per garantire un minimo di continuit\u00e0 reddituale ai lavoratori in esubero di Floramiata e quali azioni per il loro ricollocamento. Stessa cosa viene chiesta anche per la tutela dei livelli occupazionali del territorio dell\u2019Amiata senese e grossetana, anche coinvolgendo il governo dove necessario. L\u2019atto presentato da Bezzini, e firmato anche dal <\/span><b><span style=\"color: #000000;\">capogruppo Leonardo Marras e dal consigliere Stefano Scaramelli<\/span><\/b><span style=\"color: #000000;\"> chiede anche un aggiornamento sullo stato di attuazione delle misure attivate sul territorio, quali effetti abbiano nel frattempo prodotto e anche a che punto si trovi la stipula del protocollo di intesa finalizzato alla elaborazione di un progetto di valorizzazione del territorio dell\u2019Amiata. <\/span><\/span><\/p>\n<p><span style=\"font-family: Calibri;\"><span style=\"color: #000000;\">\u201cSecondo informazioni recenti \u2013 <b>spiega il consigliere Simone Bezzini<\/b><\/span><span style=\"color: #000000;\">&#8211; il progetto di rilancio di Floramiata non prevedrebbe il reimpiego di tutta la forza lavoro occupata fino ad oggi nel sito produttivo. Oltre ai lavoratori di <\/span><b><span style=\"color: #000000;\">Floramiata<\/span><\/b><span style=\"color: #000000;\"> \u2013 prosegue Bezzini- che da contratto non possono accedere agli ammortizzatori sociali del comparto industriale, ci sono i dipendenti della <\/span><b><span style=\"color: #000000;\">Rivart<\/span><\/b><span style=\"color: #000000;\">, della <\/span><b><span style=\"color: #000000;\">Rimor<\/span><\/b><span style=\"color: #000000;\"> e di altre aziende del territorio che stanno per terminare la mobilit\u00e0\u00a0 e il sostegno al reddito, cos\u00ec come tutti gli ex avventizi di Floramiata, ad oggi esclusi dalla ristrutturazione. In tutto sono circa 200 persone\u00a0 e le relative famiglie. Il che significa- <\/span><b><span style=\"color: #000000;\">prosegue il consigliere Bezzini- <\/span><\/b><span style=\"color: #000000;\">un impatto sociale estremamente rilevante per il territorio in oggetto\u201d.<\/span><\/span><\/p>\n<p><span style=\"color: #000000;\"><span style=\"font-family: Calibri;\"><b>Simone Bezzini<\/b> nell\u2019interrogazione ricorda come la Regione negli ultimi anni abbia sempre seguito la situazione di Floriamiata e delle altre aziende attivando tavoli di crisi regionale. \u201cIn particolare \u2013 spiega Bezzini- il territorio dell\u2019Amiata con i comuni delle Unioni dell\u2019Amiata- Val\u2019d\u2019Orcia e dei Comuni dell\u2019Amiata Grossetana \u00e8 stato individuato dalla nostra Regione come area di crisi socio-economica. Occuparsi di questa situazione di estrema difficolt\u00e0 che interessa moltissimi lavoratori, \u00e8 dunque una priorit\u00e0 e vanno messe in atto tutte le misure possibili per la tutela dei lavoratori\u201d<\/span><\/span><\/p>\n<p>&nbsp;<\/p>\n","protected":false},"excerpt":{"rendered":"<p>Interrogazione del consigliere regionale alla Giunta sottoscritta anche da Leonardo Marras e Stefano Scaramelli \u00a0La tutela dei lavoratori di Floramiata\u00a0 e di altre aziende in crisi nel territorio amiatino. Sono gli argomenti oggetto dell\u2019interrogazione presentata dal consigliere del Partito democratico in Regione Simone Bezzini che nello specifico chiede alla Giunta quali misure straordinarie intenda mettere [&hellip;]<\/p>\n","protected":false},"author":1,"featured_media":15496,"comment_status":"closed","ping_status":"closed","sticky":false,"template":"","format":"standard","meta":{"_jetpack_memberships_contains_paid_content":false,"footnotes":""},"categories":[30,954,956,971],"tags":[1119,210,1717],"class_list":{"0":"post-15495","1":"post","2":"type-post","3":"status-publish","4":"format-standard","5":"has-post-thumbnail","7":"category-comunicati-stampa","8":"category-leonardo-marras","9":"category-simone-bezzini","10":"category-stefano-scaramelli","11":"tag-amiata","12":"tag-crisi","13":"tag-floramiata","14":"czr-hentry"},"jetpack_featured_media_url":"https:\/\/www.gruppopdregionetoscana.it\/web\/wp-content\/uploads\/2017\/04\/amiata.jpg","jetpack_sharing_enabled":true,"_links":{"self":[{"href":"https:\/\/www.gruppopdregionetoscana.it\/web\/wp-json\/wp\/v2\/posts\/15495","targetHints":{"allow":["GET"]}}],"collection":[{"href":"https:\/\/www.gruppopdregionetoscana.it\/web\/wp-json\/wp\/v2\/posts"}],"about":[{"href":"https:\/\/www.gruppopdregionetoscana.it\/web\/wp-json\/wp\/v2\/types\/post"}],"author":[{"embeddable":true,"href":"https:\/\/www.gruppopdregionetoscana.it\/web\/wp-json\/wp\/v2\/users\/1"}],"replies":[{"embeddable":true,"href":"https:\/\/www.gruppopdregionetoscana.it\/web\/wp-json\/wp\/v2\/comments?post=15495"}],"version-history":[{"count":0,"href":"https:\/\/www.gruppopdregionetoscana.it\/web\/wp-json\/wp\/v2\/posts\/15495\/revisions"}],"wp:featuredmedia":[{"embeddable":true,"href":"https:\/\/www.gruppopdregionetoscana.it\/web\/wp-json\/wp\/v2\/media\/15496"}],"wp:attachment":[{"href":"https:\/\/www.gruppopdregionetoscana.it\/web\/wp-json\/wp\/v2\/media?parent=15495"}],"wp:term":[{"taxonomy":"category","embeddable":true,"href":"https:\/\/www.gruppopdregionetoscana.it\/web\/wp-json\/wp\/v2\/categories?post=15495"},{"taxonomy":"post_tag","embeddable":true,"href":"https:\/\/www.gruppopdregionetoscana.it\/web\/wp-json\/wp\/v2\/tags?post=15495"}],"curies":[{"name":"wp","href":"https:\/\/api.w.org\/{rel}","templated":true}]}}