{"id":15499,"date":"2017-04-18T14:30:04","date_gmt":"2017-04-18T12:30:04","guid":{"rendered":"http:\/\/www.gruppopdregionetoscana.it\/web\/?p=15499"},"modified":"2017-04-18T14:30:04","modified_gmt":"2017-04-18T12:30:04","slug":"grandi-molini-gazzetti-comincia-lo-sciopero-della-fame-sento-il-bisogno-di-un-gesto-personale-profondo","status":"publish","type":"post","link":"https:\/\/www.gruppopdregionetoscana.it\/web\/grandi-molini-gazzetti-comincia-lo-sciopero-della-fame-sento-il-bisogno-di-un-gesto-personale-profondo\/","title":{"rendered":"Grandi Molini, Gazzetti comincia lo sciopero della fame: \u201cSento il bisogno di un gesto personale profondo\u201d"},"content":{"rendered":"<p><i><span style=\"font-family: 'Georgia','serif'; font-size: 12pt;\"><span style=\"color: #000000;\">\u201cContinuer\u00f2 a svolgere le mie attivit\u00e0 istituzionali, in Consiglio Regionale a Firenze e sul territorio, in attesa di conoscere quanto emerger\u00e0 dall&#8217;incontro di gioved\u00ec a Roma al Ministero<\/span> <span style=\"color: #000000;\">dove \u00e8 fondamentale che partecipino i vertici dell\u2019azienda\u201d <\/span><\/span><\/i><\/p>\n<p><span style=\"color: #1f497d; font-family: 'Georgia','serif'; font-size: 12pt;\">\u00a0<\/span><span style=\"font-family: 'Georgia','serif'; font-size: 12pt;\"><span style=\"color: #000000;\">\u201cCi sono momenti nei quali bisogna decidere da quale parte stare, senza tentennamenti, manifestando il proprio pensiero ed i propri convincimenti in maniera inequivocabile. La vertenza dei Grandi Molini Italiani a Livorno \u00e8 per me uno di questi momenti. Ogni giorno che passa, infatti, emerge con chiarezza come questa vicenda metta in discussione 30 posti di lavoro ma anche la dignit\u00e0 delle Istituzioni ed il rispetto che deve essere portato alla comunit\u00e0 regionale ed alla citt\u00e0 di Livorno. Il rifiuto di ogni proposta di mediazione da parte dell&#8217;azienda \u00e8\u00a0 incomprensibile e non pu\u00f2\u00a0 essere recepito passivamente. Lo abbiamo detto e ripetuto attraverso atti discussi ed approvati all&#8217;unanimit\u00e0 nei vari consessi istituzionali e lo abbiano manifestato, anche nel giorno di Pasqua, con una presenza davanti ai cancelli della Grandi Molini Italiani. Ma nella vita non bisogna mai disperare e, soprattutto, occorre unire la difesa dei propri diritti alla speranza che prevalga, in ogni ambito e contesto, la ragionevolezza. Ecco perch\u00e9 sar\u00e0 importantissimo l&#8217;incontro che gioved\u00ec si svolger\u00e0 al Ministero dello Sviluppo Economico a Roma, un tavolo, per il quale ringraziamo il Governo, e che tutti noi speriamo portare all&#8217;avvio di una nuova fase della vertenza. Per far ci\u00f2 \u00e8 fondamentale che a quel tavolo partecipino finalmente i vertici dei Grandi Molini Italiani e che in quel contesto vengano pronunciate parole di verit\u00e0 con l&#8217;assunzione di precisi\u00a0 impegni. Questo \u00e8 quello che serve e questa \u00e8 la richiesta che deve essere indirizzata e sostenuta con forza in queste ore. Per arrivare a questo obiettivi ognuno deve fare la propria parte ed io sono pronto a fare la mia. Dopo aver promosso vari atti in Consiglio Regionale, dopo aver partecipato a presidi ed iniziative, credo dunque sia necessario fare qualcosa di pi\u00f9 e di diverso dall&#8217;impegno istituzionale. Ecco perch\u00e9 ho deciso di iniziare uno sciopero della fame che possa richiamare l&#8217;urgenza e l&#8217;importanza che siano date risposte chiare ai lavoratori della Grandi Molini Italiani di Livorno. \u00c8 una scelta personale, ponderata con attenzione e che intendo portare avanti continuando a svolgere le mie attivit\u00e0 istituzionali, in Consiglio Regionale a Firenze e sul territorio, in attesa di conoscere quanto emerger\u00e0 dall&#8217;incontro di gioved\u00ec a Roma. Abbiamo speso molte parole, abbiamo promosso e approvato molti atti ed \u00e8 stato giusto farlo. Adesso, per\u00f2 ed in aggiunta, sento forte l&#8217;urgenza, politica e umana insieme, di agire qualcosa di pi\u00f9 profondo, di pi\u00f9 personale. Sento il bisogno di mettere in questa battaglia, che \u00e8 per il sostegno a 30 lavoratori e alle loro famiglie, ma \u00e8 anche quella delle istituzioni e di una citt\u00e0 intera che esigono rispetto, semplicemente me stesso. Non so se sia poco o se sia tanto. Non so se sia utile. Ma \u00e8 tutto quello che ho e che posso e non ho esitazioni nel metterlo in gioco. Il mio \u00e8 un gesto che si aggiunge al lavoro ed all&#8217;impegno profuso in questi giorni da tutte le Istituzioni, dai partiti, dal Vescovo, dai sindacati e soprattutto da parte dei lavoratori. Ognuno sta facendo la sua parte ed adesso anche la propriet\u00e0 dei Grandi Molini Italiani deve fare, sino in fondo, la propria. Questo \u00e8 il messaggio che deve partire dalla Toscana e da Livorno e che, grazie al fondamentale ruolo della stampa e dei mezzi di comunicazione, deve arrivare nei luoghi dove la Grandi Molini Italiani prende le sue decisioni. Questa, infatti, non \u00e8 la battaglia di qualcuno ma \u00e8 la nostra battaglia, da portare avanti in concordanza che quello spirito livornese che da sempre caratterizza una citt\u00e0 che non ha mai chinato la testa di fronte a nessuno. Ecco perch\u00e9 inizio lo sciopero della fame ed ecco perch\u00e9 lo faccio con un sorriso, perch\u00e9 sono certo che tutto questo impegno ci aiuter\u00e0 anche a ritrovare un senso di comunit\u00e0 indispensabile per vincere questa come le altre sfide che verranno\u201d<\/span><\/span><\/p>\n<p><b><span style=\"font-family: 'Georgia','serif'; font-size: 12pt;\"><span style=\"color: #000000;\">Cos\u00ec il consigliere del Partito democratico Francesco Gazzetti che stamani ha partecipato al presidio a Livorno con i lavoratori e i sindacati<\/span><\/span><\/b><\/p>\n<p><span style=\"color: #000000; font-family: Calibri;\">\u00a0<\/span><\/p>\n<p><b><span style=\"color: #17365d; font-family: 'Times New Roman','serif'; font-size: 10pt;\">Lorenza Berengo<\/span><\/b><\/p>\n<p>&nbsp;<\/p>\n","protected":false},"excerpt":{"rendered":"<p>\u201cContinuer\u00f2 a svolgere le mie attivit\u00e0 istituzionali, in Consiglio Regionale a Firenze e sul territorio, in attesa di conoscere quanto emerger\u00e0 dall&#8217;incontro di gioved\u00ec a Roma al Ministero dove \u00e8 fondamentale che partecipino i vertici dell\u2019azienda\u201d \u00a0\u201cCi sono momenti nei quali bisogna decidere da quale parte stare, senza tentennamenti, manifestando il proprio pensiero ed i [&hellip;]<\/p>\n","protected":false},"author":1,"featured_media":15500,"comment_status":"closed","ping_status":"closed","sticky":false,"template":"","format":"standard","meta":{"_jetpack_memberships_contains_paid_content":false,"footnotes":""},"categories":[30,1002],"tags":[210,1718,105,33],"class_list":{"0":"post-15499","1":"post","2":"type-post","3":"status-publish","4":"format-standard","5":"has-post-thumbnail","7":"category-comunicati-stampa","8":"category-francesco-gazzetti","9":"tag-crisi","10":"tag-grandi-molini","11":"tag-lavoro","12":"tag-livorno","13":"czr-hentry"},"jetpack_featured_media_url":"https:\/\/www.gruppopdregionetoscana.it\/web\/wp-content\/uploads\/2017\/04\/gazzzz_n.jpg","jetpack_sharing_enabled":true,"_links":{"self":[{"href":"https:\/\/www.gruppopdregionetoscana.it\/web\/wp-json\/wp\/v2\/posts\/15499","targetHints":{"allow":["GET"]}}],"collection":[{"href":"https:\/\/www.gruppopdregionetoscana.it\/web\/wp-json\/wp\/v2\/posts"}],"about":[{"href":"https:\/\/www.gruppopdregionetoscana.it\/web\/wp-json\/wp\/v2\/types\/post"}],"author":[{"embeddable":true,"href":"https:\/\/www.gruppopdregionetoscana.it\/web\/wp-json\/wp\/v2\/users\/1"}],"replies":[{"embeddable":true,"href":"https:\/\/www.gruppopdregionetoscana.it\/web\/wp-json\/wp\/v2\/comments?post=15499"}],"version-history":[{"count":0,"href":"https:\/\/www.gruppopdregionetoscana.it\/web\/wp-json\/wp\/v2\/posts\/15499\/revisions"}],"wp:featuredmedia":[{"embeddable":true,"href":"https:\/\/www.gruppopdregionetoscana.it\/web\/wp-json\/wp\/v2\/media\/15500"}],"wp:attachment":[{"href":"https:\/\/www.gruppopdregionetoscana.it\/web\/wp-json\/wp\/v2\/media?parent=15499"}],"wp:term":[{"taxonomy":"category","embeddable":true,"href":"https:\/\/www.gruppopdregionetoscana.it\/web\/wp-json\/wp\/v2\/categories?post=15499"},{"taxonomy":"post_tag","embeddable":true,"href":"https:\/\/www.gruppopdregionetoscana.it\/web\/wp-json\/wp\/v2\/tags?post=15499"}],"curies":[{"name":"wp","href":"https:\/\/api.w.org\/{rel}","templated":true}]}}