{"id":15512,"date":"2017-04-19T16:11:36","date_gmt":"2017-04-19T14:11:36","guid":{"rendered":"http:\/\/www.gruppopdregionetoscana.it\/web\/?p=15512"},"modified":"2017-04-19T16:11:36","modified_gmt":"2017-04-19T14:11:36","slug":"cyberbullismo-approda-in-commissione-la-proposta-di-legge-del-parlamento-degli-studenti-stefano-scaramelli-tema-cruciale-nostro-dovere-e-tutelare-i-giovani","status":"publish","type":"post","link":"https:\/\/www.gruppopdregionetoscana.it\/web\/cyberbullismo-approda-in-commissione-la-proposta-di-legge-del-parlamento-degli-studenti-stefano-scaramelli-tema-cruciale-nostro-dovere-e-tutelare-i-giovani\/","title":{"rendered":"Cyberbullismo, Approda in commissione la proposta di legge del Parlamento degli Studenti. Stefano Scaramelli: \u201cTema cruciale, nostro dovere \u00e8 tutelare i giovani\u201d"},"content":{"rendered":"<p><em>La consigliera Ilaria Giovannetti lavorer\u00e0 a fianco degli studenti per l\u2019elaborazione di un testo organico e condiviso. All&#8217;audizione presenti Bernard Dika e Matteo De Liguori<br \/>\n<\/em><\/p>\n<p><img loading=\"lazy\" decoding=\"async\" class=\"alignleft  wp-image-15510\" src=\"http:\/\/www.gruppopdregionetoscana.it\/web\/wp-content\/uploads\/2017\/04\/cyberbullismo.jpg\" alt=\"sad girl sitting alone next to her open laptop\" width=\"572\" height=\"429\" srcset=\"https:\/\/www.gruppopdregionetoscana.it\/web\/wp-content\/uploads\/2017\/04\/cyberbullismo.jpg 1200w, https:\/\/www.gruppopdregionetoscana.it\/web\/wp-content\/uploads\/2017\/04\/cyberbullismo-300x225.jpg 300w, https:\/\/www.gruppopdregionetoscana.it\/web\/wp-content\/uploads\/2017\/04\/cyberbullismo-1024x768.jpg 1024w\" sizes=\"auto, (max-width: 572px) 100vw, 572px\" \/>Un\u00a0 passo ulteriore\u00a0 nel contrasto al fenomeno del bullismo e cyber bullismo nelle scuole \u00e8 stato fatto stamani nella 3 commissione guidata da <strong>Stefano Scaramelli (Pd)<\/strong> dove si \u00e8 cominciato a discutere della proposta\u00a0 di legge \u00a0illustrata dal presidente del Parlamento degli Studenti della Toscana Bernard Dika\u00a0 \u201cSu questo tema \u2013 ha detto il <strong>presidente Scaramelli<\/strong>&#8211; la nostra Regione \u00e8 in prima linea e ci impegneremo\u00a0 al massimo per contribuire\u00a0 a dare normative sicure e regole che tutelino le vittime del cyber bullismo. Il fenomeno \u2013 prosegue Scaramelli- \u00e8 purtroppo in espansione\u00a0 e in Italia nell\u2019ultimo anno pi\u00f9 del 50% dei ragazzi fra gli 11\u00a0 e i 17 anni \u00e8 stato vittima di almeno un episodio offensivo o violento. In Toscana nell\u2019ultimo anno il 20% dei ragazzi ha subito prepotenze riconducibili a forme di bullismo con una percentuale maggiore fra le ragazze. E\u2019 stata una mattinata importante\u00a0 e\u00a0 voglio fare i miei compimenti a <strong>Bernard Dika e Matteo De Liguori<\/strong> per le proposte avanzate\u201d Alla consigliera\u00a0 <strong>Ilaria Giovannetti (Pd)<\/strong>, quale componente pi\u00f9 giovane della commissione, \u00e8 stato affidato il compito di lavorare\u00a0 a fianco degli studenti per presentare un testo organico da sottoporre poi all\u2019esame del consiglio regionale entro la fine di quest\u2019anno scolastico. Secondo i dati riferiti stamani, in Toscana fra i ragazzi che hanno subito una prepotenza, nel 19% dei casi si tratta proprio di cyber bullismo, insulti, minacce e prepotenze attraverso l\u2019uso del cellulare e dei social network. \u201cLa nuova legge \u2013 precisa Scaramelli- ci dar\u00e0 la possibilit\u00e0 di intervenire per la tutela della integrit\u00e0 psico-fisica dei minori e ci dar\u00e0 la possibilit\u00e0 di promuovere e sostenere interventi finalizzati all\u2019uso consapevole degli strumenti informatici e della rete internet\u201d. Secondo la nuova proposta avanzata dal Parlamento degli Studenti la Regione dovrebbe promuovere\u00a0 e finanziare corsi di formazione, campagne di sensibilizzazione e informazione rivolte agli studenti e alle famiglie, attivare programmi di sostegno per il personale scolastico ed educativo per l\u2019acquisizione di tecniche pedagogiche ad hoc e fare programmi di recupero rivolti agli autori di atti di bullismo e cyber bullismo. La legge prevede poi anche un monitoraggio delle varie azioni messe in campo. \u201cLa Regione Toscana- ha aggiunto <strong>la consigliera Giovannetti<\/strong> &#8211; deve impegnarsi per fare da guida sia per altre regioni che per il governo nazionale. Abbiamo bisogno di informazione e formazione, oltre che di prevenzione, ma anche di normative sicure, sanzioni certe e regole che tutelino chi rimane vittima di questo preoccupante e diffuso fenomeno. L\u2019obiettivo quindi \u00e8 arrivare a una proposta di legge condivisa: me ne occuper\u00f2 personalmente, collaborando con questi ragazzi che hanno gi\u00e0 fatto un bellissimo lavoro, e dialogando con tutte le forze politiche e tutti quanti abbiano a cuore questa tematica\u201d<\/p>\n","protected":false},"excerpt":{"rendered":"<p>La consigliera Ilaria Giovannetti lavorer\u00e0 a fianco degli studenti per l\u2019elaborazione di un testo organico e condiviso. All&#8217;audizione presenti Bernard Dika e Matteo De Liguori Un\u00a0 passo ulteriore\u00a0 nel contrasto al fenomeno del bullismo e cyber bullismo nelle scuole \u00e8 stato fatto stamani nella 3 commissione guidata da Stefano Scaramelli (Pd) dove si \u00e8 cominciato [&hellip;]<\/p>\n","protected":false},"author":1,"featured_media":15513,"comment_status":"closed","ping_status":"closed","sticky":false,"template":"","format":"standard","meta":{"_jetpack_memberships_contains_paid_content":false,"footnotes":""},"categories":[30,965,971],"tags":[],"class_list":{"0":"post-15512","1":"post","2":"type-post","3":"status-publish","4":"format-standard","5":"has-post-thumbnail","7":"category-comunicati-stampa","8":"category-ilaria-giovannetti","9":"category-stefano-scaramelli","10":"czr-hentry"},"jetpack_featured_media_url":"https:\/\/www.gruppopdregionetoscana.it\/web\/wp-content\/uploads\/2017\/04\/Dika.jpg","jetpack_sharing_enabled":true,"_links":{"self":[{"href":"https:\/\/www.gruppopdregionetoscana.it\/web\/wp-json\/wp\/v2\/posts\/15512","targetHints":{"allow":["GET"]}}],"collection":[{"href":"https:\/\/www.gruppopdregionetoscana.it\/web\/wp-json\/wp\/v2\/posts"}],"about":[{"href":"https:\/\/www.gruppopdregionetoscana.it\/web\/wp-json\/wp\/v2\/types\/post"}],"author":[{"embeddable":true,"href":"https:\/\/www.gruppopdregionetoscana.it\/web\/wp-json\/wp\/v2\/users\/1"}],"replies":[{"embeddable":true,"href":"https:\/\/www.gruppopdregionetoscana.it\/web\/wp-json\/wp\/v2\/comments?post=15512"}],"version-history":[{"count":0,"href":"https:\/\/www.gruppopdregionetoscana.it\/web\/wp-json\/wp\/v2\/posts\/15512\/revisions"}],"wp:featuredmedia":[{"embeddable":true,"href":"https:\/\/www.gruppopdregionetoscana.it\/web\/wp-json\/wp\/v2\/media\/15513"}],"wp:attachment":[{"href":"https:\/\/www.gruppopdregionetoscana.it\/web\/wp-json\/wp\/v2\/media?parent=15512"}],"wp:term":[{"taxonomy":"category","embeddable":true,"href":"https:\/\/www.gruppopdregionetoscana.it\/web\/wp-json\/wp\/v2\/categories?post=15512"},{"taxonomy":"post_tag","embeddable":true,"href":"https:\/\/www.gruppopdregionetoscana.it\/web\/wp-json\/wp\/v2\/tags?post=15512"}],"curies":[{"name":"wp","href":"https:\/\/api.w.org\/{rel}","templated":true}]}}