{"id":15515,"date":"2017-04-20T11:11:16","date_gmt":"2017-04-20T09:11:16","guid":{"rendered":"http:\/\/www.gruppopdregionetoscana.it\/web\/?p=15515"},"modified":"2017-04-20T11:11:16","modified_gmt":"2017-04-20T09:11:16","slug":"rischio-siccita-marras-pd-situazione-demergenza-in-maremma-sia-concesso-lo-stato-di-calamita-nazionale","status":"publish","type":"post","link":"https:\/\/www.gruppopdregionetoscana.it\/web\/rischio-siccita-marras-pd-situazione-demergenza-in-maremma-sia-concesso-lo-stato-di-calamita-nazionale\/","title":{"rendered":"Rischio siccit\u00e0, Marras (PD): \u201cSituazione d\u2019emergenza in Maremma, sia concesso lo stato di calamit\u00e0 nazionale\u201d"},"content":{"rendered":"<p>\u201cLa scarsit\u00e0 di precipitazioni degli ultimi mesi sta delineando una situazione molto grave che si ripercuote principalmente sul settore agricolo, gi\u00e0 fortemente indebolito dalla crisi del comparto cerealicolo \u2013 spiega <strong>Leonardo Marras<\/strong>, capogruppo PD Regione Toscana \u2013. Ho deciso di raccogliere l\u2019appello lanciato dalle associazioni di categoria e di richiamare l\u2019attenzione della Regione chiedendo alla Giunta di attivarsi con il Governo perch\u00e9 sia concesso lo stato di calamit\u00e0 nazionale e siano messi in atto i necessari provvedimenti per contrastare l\u2019emergenza e sostenere gli operatori\u201d.<\/p>\n<p>Dal report del Consorzio Lamma emerge chiaramente che il livello di precipitazioni rilevato negli ultimi mesi \u00e8 nettamente al di sotto della media toscana e, in particolare, Grosseto si conferma tra le citt\u00e0 del centro Italia maggiormente colpite da siccit\u00e0.<\/p>\n<p>\u201cLe rilevazioni \u2013 prosegue <strong>Marras<\/strong> \u2013 ci dicono che le precipitazioni, da inizio anno, i attestano su 70 millimetri per tutta la Maremma, che tradotto con i dati dell\u2019indicatore SPI significa rischio di siccit\u00e0 estrema se messa in relazione al lungo periodo e severa nei tre mesi precedenti: una condizione molto difficile che rischia di mettere in ginocchio un intero settore economico. Lo stato di calamit\u00e0 nazionale \u00e8, a mio avviso, lo strumento pi\u00f9 opportuno per riuscire a rispondere in maniera concreta ed efficace alle necessit\u00e0 che ci troviamo di fronte, l\u2019auspicio \u00e8 quello di una risposta positiva e in tempi brevi da parte del Governo\u201d.<\/p>\n<p>L\u2019indicatore SPI (Standardized Precipitation Index) attesta il grado di precipitazioni spalmandolo su diverse scale temporali (3, 6, 12, 24 mesi), quantifica il grado e la tipologia di siccit\u00e0 (meteorologica, agricola, idrologica) e i relativi impatti su vegetazione, disponibilit\u00e0 idrica e attivit\u00e0 antropiche.<\/p>\n","protected":false},"excerpt":{"rendered":"<p>\u201cLa scarsit\u00e0 di precipitazioni degli ultimi mesi sta delineando una situazione molto grave che si ripercuote principalmente sul settore agricolo, gi\u00e0 fortemente indebolito dalla crisi del comparto cerealicolo \u2013 spiega Leonardo Marras, capogruppo PD Regione Toscana \u2013. Ho deciso di raccogliere l\u2019appello lanciato dalle associazioni di categoria e di richiamare l\u2019attenzione della Regione chiedendo alla [&hellip;]<\/p>\n","protected":false},"author":1,"featured_media":15516,"comment_status":"closed","ping_status":"closed","sticky":false,"template":"","format":"standard","meta":{"_jetpack_memberships_contains_paid_content":false,"footnotes":""},"categories":[30,954],"tags":[],"class_list":{"0":"post-15515","1":"post","2":"type-post","3":"status-publish","4":"format-standard","5":"has-post-thumbnail","7":"category-comunicati-stampa","8":"category-leonardo-marras","9":"czr-hentry"},"jetpack_featured_media_url":"https:\/\/www.gruppopdregionetoscana.it\/web\/wp-content\/uploads\/2017\/04\/siccit\u00e0.jpg","jetpack_sharing_enabled":true,"_links":{"self":[{"href":"https:\/\/www.gruppopdregionetoscana.it\/web\/wp-json\/wp\/v2\/posts\/15515","targetHints":{"allow":["GET"]}}],"collection":[{"href":"https:\/\/www.gruppopdregionetoscana.it\/web\/wp-json\/wp\/v2\/posts"}],"about":[{"href":"https:\/\/www.gruppopdregionetoscana.it\/web\/wp-json\/wp\/v2\/types\/post"}],"author":[{"embeddable":true,"href":"https:\/\/www.gruppopdregionetoscana.it\/web\/wp-json\/wp\/v2\/users\/1"}],"replies":[{"embeddable":true,"href":"https:\/\/www.gruppopdregionetoscana.it\/web\/wp-json\/wp\/v2\/comments?post=15515"}],"version-history":[{"count":0,"href":"https:\/\/www.gruppopdregionetoscana.it\/web\/wp-json\/wp\/v2\/posts\/15515\/revisions"}],"wp:featuredmedia":[{"embeddable":true,"href":"https:\/\/www.gruppopdregionetoscana.it\/web\/wp-json\/wp\/v2\/media\/15516"}],"wp:attachment":[{"href":"https:\/\/www.gruppopdregionetoscana.it\/web\/wp-json\/wp\/v2\/media?parent=15515"}],"wp:term":[{"taxonomy":"category","embeddable":true,"href":"https:\/\/www.gruppopdregionetoscana.it\/web\/wp-json\/wp\/v2\/categories?post=15515"},{"taxonomy":"post_tag","embeddable":true,"href":"https:\/\/www.gruppopdregionetoscana.it\/web\/wp-json\/wp\/v2\/tags?post=15515"}],"curies":[{"name":"wp","href":"https:\/\/api.w.org\/{rel}","templated":true}]}}