{"id":15554,"date":"2017-04-26T15:39:51","date_gmt":"2017-04-26T13:39:51","guid":{"rendered":"http:\/\/www.gruppopdregionetoscana.it\/web\/?p=15554"},"modified":"2017-04-26T15:39:51","modified_gmt":"2017-04-26T13:39:51","slug":"floramiata-e-altre-aziende-in-crisi-sullamiata-la-giunta-interviene-rispondendo-alle-sollecitazioni-di-bezzini-e-scaramelli","status":"publish","type":"post","link":"https:\/\/www.gruppopdregionetoscana.it\/web\/floramiata-e-altre-aziende-in-crisi-sullamiata-la-giunta-interviene-rispondendo-alle-sollecitazioni-di-bezzini-e-scaramelli\/","title":{"rendered":"Floramiata e altre aziende in crisi sull\u2019Amiata, la Giunta interviene rispondendo alle sollecitazioni di Bezzini e Scaramelli"},"content":{"rendered":"<p><b><span style=\"font-family: 'Georgia','serif'; font-size: 14pt;\"><span style=\"color: #000000;\">I consiglieri: \u201cSoddisfatti, ora rapida attuazione degli impegni presi\u201d<\/span><\/span><\/b><span style=\"font-family: 'Georgia','serif'; font-size: 14pt;\"><span style=\"color: #000000;\">Floramiata. Arrivano le risposte della Giunta sollecitate alcuni giorni fa dai consiglieri <b>Bezzini e Scaramelli<\/b><\/span><span style=\"color: #000000;\"> con un\u2019interrogazione firmata anche dal <\/span><b><span style=\"color: #000000;\">capogruppo Marras<\/span><\/b><span style=\"color: #000000;\"> in merito alla tutela dei lavoratori anche delle altre aziende del territorio amiatino. Secondo quanto\u00a0 illustrato oggi in aula <\/span><b><span style=\"color: #000000;\">dall\u2019assessore Stefano Ciuoffo<\/span><\/b><span style=\"color: #000000;\"> verr\u00e0 verificata l\u2019attuazione, anche dopo avere sentito le parti sociali, di \u00a0tre tipi di interventi usufruendo delle risorse residue assegnate alla regione per gli ammortizzatori sociali in deroga. La sperimentazione regionale dell\u2019assegno di ricollocazione; la corresponsione di un\u2019indennit\u00e0 di partecipazione ad azioni di politica attiva, di cui potranno beneficiare i lavoratori disoccupati e privi di strumenti di sostegno al reddito e l\u2019erogazione di incentivi all\u2019assunzione. La Giunta ha anche annunciato che nelle prossime settimane proceder\u00e0 alla definizione di un progetto di promozione\u00a0 e valorizzazione integrata fra turismo, commercio \u00a0e agricoltura del territorio ed entro l\u2019estate saranno chiusi i lavori del tavolo fra Regione e Comuni per arrivare ad un protocollo d\u2019intesa per il rilancio dell\u2019area. \u201cSiamo soddisfatti \u2013 <\/span><b><span style=\"color: #000000;\">hanno commentato Simone Bezzini e Stefano Scaramelli<\/span><\/b><span style=\"color: #000000;\">&#8211; della sostanza emersa dalla risposta rispetto all\u2019evolversi della situazione e delle problematiche che abbiamo segnalato. Ci auguriamo \u2013 hanno p<\/span>oi <span style=\"color: #000000;\">sottolineato <\/span><b><span style=\"color: #000000;\">Bezzini e Scaramelli<\/span><\/b><span style=\"color: #000000;\">&#8211; che si dia rapida attuazione agli impegni presi dalla Giunta. Nell\u2019interrogazione presentata i giorni scorsi i consiglieri del partito democratico avevano sollecitato il governo della Toscana a prendere misure straordinarie per garantire un minimo di continuit\u00e0 reddituale ai lavoratori in esubero di Floramiata e il loro ricollocamento. Stessa cosa era stata chiesta anche per la tutela dei livelli occupazionali del territorio dell\u2019Amiata senese e grossetana, anche coinvolgendo il governo dove necessario. Bezzini e Scaramelli avevano chiesto anche a che punto si trovi la stipula del protocollo di intesa finalizzato alla elaborazione di un progetto di valorizzazione del territorio dell\u2019Amiata. E anche su questo le risposte della Giunta sono state soddisfacenti. La Regione negli ultimi anni ha sempre seguito la situazione di Floriamiata e delle altre aziende attivando tavoli di crisi regionale. \u201cIn particolare \u2013 <\/span><b><span style=\"color: #000000;\">spiega Bezzini-<\/span><\/b><span style=\"color: #000000;\"> il territorio dell\u2019Amiata con i comuni delle Unioni dell\u2019Amiata- Val\u2019d\u2019Orcia e dei Comuni dell\u2019Amiata Grossetana \u00e8 stato individuato dalla nostra Regione come area di crisi socio-economica. Occuparsi di questa situazione di estrema difficolt\u00e0 che interessa moltissimi lavoratori, \u00e8 dunque una priorit\u00e0. Bene dunque la risposta della Giunta. <\/span><b><span style=\"color: #000000;\">Bezzini <\/span><\/b><span style=\"color: #000000;\">ha poi ricordato che la Regione Toscana , rispondendo alla richiesta di enti locali e di sindacati di un incontro per tutelare i lavoratori coinvolto nelle crisi aziendali amiatine, ha convocato un tavolo per il 2 di maggio al quale parteciperanno l\u2019assessore Cristina Grieco e il consigliere del presidente Rossi per le crisi aziendali Gianfranco Simoncini.\u00a0<\/span><\/span><\/p>\n<p>&nbsp;<\/p>\n","protected":false},"excerpt":{"rendered":"<p>I consiglieri: \u201cSoddisfatti, ora rapida attuazione degli impegni presi\u201dFloramiata. Arrivano le risposte della Giunta sollecitate alcuni giorni fa dai consiglieri Bezzini e Scaramelli con un\u2019interrogazione firmata anche dal capogruppo Marras in merito alla tutela dei lavoratori anche delle altre aziende del territorio amiatino. Secondo quanto\u00a0 illustrato oggi in aula dall\u2019assessore Stefano Ciuoffo verr\u00e0 verificata l\u2019attuazione, [&hellip;]<\/p>\n","protected":false},"author":1,"featured_media":15496,"comment_status":"closed","ping_status":"closed","sticky":false,"template":"","format":"standard","meta":{"_jetpack_memberships_contains_paid_content":false,"footnotes":""},"categories":[30,956,971],"tags":[210,1717,105],"class_list":{"0":"post-15554","1":"post","2":"type-post","3":"status-publish","4":"format-standard","5":"has-post-thumbnail","7":"category-comunicati-stampa","8":"category-simone-bezzini","9":"category-stefano-scaramelli","10":"tag-crisi","11":"tag-floramiata","12":"tag-lavoro","13":"czr-hentry"},"jetpack_featured_media_url":"https:\/\/www.gruppopdregionetoscana.it\/web\/wp-content\/uploads\/2017\/04\/amiata.jpg","jetpack_sharing_enabled":true,"_links":{"self":[{"href":"https:\/\/www.gruppopdregionetoscana.it\/web\/wp-json\/wp\/v2\/posts\/15554","targetHints":{"allow":["GET"]}}],"collection":[{"href":"https:\/\/www.gruppopdregionetoscana.it\/web\/wp-json\/wp\/v2\/posts"}],"about":[{"href":"https:\/\/www.gruppopdregionetoscana.it\/web\/wp-json\/wp\/v2\/types\/post"}],"author":[{"embeddable":true,"href":"https:\/\/www.gruppopdregionetoscana.it\/web\/wp-json\/wp\/v2\/users\/1"}],"replies":[{"embeddable":true,"href":"https:\/\/www.gruppopdregionetoscana.it\/web\/wp-json\/wp\/v2\/comments?post=15554"}],"version-history":[{"count":0,"href":"https:\/\/www.gruppopdregionetoscana.it\/web\/wp-json\/wp\/v2\/posts\/15554\/revisions"}],"wp:featuredmedia":[{"embeddable":true,"href":"https:\/\/www.gruppopdregionetoscana.it\/web\/wp-json\/wp\/v2\/media\/15496"}],"wp:attachment":[{"href":"https:\/\/www.gruppopdregionetoscana.it\/web\/wp-json\/wp\/v2\/media?parent=15554"}],"wp:term":[{"taxonomy":"category","embeddable":true,"href":"https:\/\/www.gruppopdregionetoscana.it\/web\/wp-json\/wp\/v2\/categories?post=15554"},{"taxonomy":"post_tag","embeddable":true,"href":"https:\/\/www.gruppopdregionetoscana.it\/web\/wp-json\/wp\/v2\/tags?post=15554"}],"curies":[{"name":"wp","href":"https:\/\/api.w.org\/{rel}","templated":true}]}}