{"id":15562,"date":"2017-04-26T18:00:32","date_gmt":"2017-04-26T16:00:32","guid":{"rendered":"http:\/\/www.gruppopdregionetoscana.it\/web\/?p=15562"},"modified":"2017-04-26T18:00:32","modified_gmt":"2017-04-26T16:00:32","slug":"cartotecnica-maestrelli-di-vinci-approvata-allunanimita-mozione-di-enrico-sostegni-lazienda-ha-lavoro-e-capacita-produttive-si-chiariscano-presto-le-intenzioni-della-proprie","status":"publish","type":"post","link":"https:\/\/www.gruppopdregionetoscana.it\/web\/cartotecnica-maestrelli-di-vinci-approvata-allunanimita-mozione-di-enrico-sostegni-lazienda-ha-lavoro-e-capacita-produttive-si-chiariscano-presto-le-intenzioni-della-proprie\/","title":{"rendered":"Cartotecnica Maestrelli di Vinci, approvata all\u2019unanimit\u00e0 mozione di Enrico Sostegni: \u00abL\u2019azienda ha lavoro e capacit\u00e0 produttive, si chiariscano presto le intenzioni della propriet\u00e0 per il rilancio\u00bb"},"content":{"rendered":"<p><img loading=\"lazy\" decoding=\"async\" class=\"alignleft size-full wp-image-15489\" src=\"http:\/\/www.gruppopdregionetoscana.it\/web\/wp-content\/uploads\/2017\/04\/cartotecnica-maestrelli.jpg\" alt=\"cartotecnica maestrelli\" width=\"558\" height=\"372\" srcset=\"https:\/\/www.gruppopdregionetoscana.it\/web\/wp-content\/uploads\/2017\/04\/cartotecnica-maestrelli.jpg 558w, https:\/\/www.gruppopdregionetoscana.it\/web\/wp-content\/uploads\/2017\/04\/cartotecnica-maestrelli-300x200.jpg 300w\" sizes=\"auto, (max-width: 558px) 100vw, 558px\" \/>Pieno e unanime sostegno del Consiglio regionale ai lavoratori della Cartotecnica Maestrelli, azienda leader del settore del packaging che da alcuni mesi ha cessato la produzione senza nessuna spiegazione sulle prospettive occupazionali pur mantenendo capacit\u00e0 produttive, lavoro e clienti.<\/p>\n<p>Il Consiglio regionale ha approvato oggi all\u2019unanimit\u00e0 una mozione presentata da <strong>Enrico Sostegni<\/strong> per chiedere alla Giunta regionale un impegno a proseguire nella ricerca di una prospettiva produttiva e occupazionale, che secondo il consigliere deve passare \u00absia dall\u2019individuazione di risposte precise da parte della propriet\u00e0 sulle intenzioni di riprendere la produzione, che dal sostegno all\u2019iniziativa dei lavoratori di costituire una cooperativa in grado di rilevare e rilanciare l\u2019attivit\u00e0\u00bb.<\/p>\n<p>\u00abAbbiamo presentato questa mozione \u2013 ha detto Sostegni in aula alla presenza di una delegazione dei lavoratori \u2013 perch\u00e9 questa azienda si trova nella situazione paradossale di avere ancora dei potenziali clienti e le capacit\u00e0 produttive per soddisfarne gli ordini, ma di non poter dispiegare queste stesse capacit\u00e0 a causa della decisione della propriet\u00e0 di chiudere e di mettere in mobilit\u00e0 i lavoratori. Prendiamo atto che l\u2019atteggiamento di totale chiusura iniziale mostrato dagli stessi vertici aziendali si \u00e8 nelle ultime settimane trasformato in una disponibilit\u00e0 al confronto, adesso chiediamo con forza che da questo dialogo, aperto anche grazie all\u2019impegno consigliere sul lavoro del presidente Gianfranco Simoncini, possa scaturire al pi\u00f9 presto una decisione in grado di salvare l\u2019azienda\u00bb.<\/p>\n","protected":false},"excerpt":{"rendered":"<p>Pieno e unanime sostegno del Consiglio regionale ai lavoratori della Cartotecnica Maestrelli, azienda leader del settore del packaging che da alcuni mesi ha cessato la produzione senza nessuna spiegazione sulle prospettive occupazionali pur mantenendo capacit\u00e0 produttive, lavoro e clienti. Il Consiglio regionale ha approvato oggi all\u2019unanimit\u00e0 una mozione presentata da Enrico Sostegni per chiedere alla [&hellip;]<\/p>\n","protected":false},"author":1,"featured_media":13421,"comment_status":"closed","ping_status":"closed","sticky":false,"template":"","format":"standard","meta":{"_jetpack_memberships_contains_paid_content":false,"footnotes":""},"categories":[30,972],"tags":[],"class_list":{"0":"post-15562","1":"post","2":"type-post","3":"status-publish","4":"format-standard","5":"has-post-thumbnail","7":"category-comunicati-stampa","8":"category-enrico-sostegni","9":"czr-hentry"},"jetpack_featured_media_url":"https:\/\/www.gruppopdregionetoscana.it\/web\/wp-content\/uploads\/2016\/07\/Enrico1.jpg","jetpack_sharing_enabled":true,"_links":{"self":[{"href":"https:\/\/www.gruppopdregionetoscana.it\/web\/wp-json\/wp\/v2\/posts\/15562","targetHints":{"allow":["GET"]}}],"collection":[{"href":"https:\/\/www.gruppopdregionetoscana.it\/web\/wp-json\/wp\/v2\/posts"}],"about":[{"href":"https:\/\/www.gruppopdregionetoscana.it\/web\/wp-json\/wp\/v2\/types\/post"}],"author":[{"embeddable":true,"href":"https:\/\/www.gruppopdregionetoscana.it\/web\/wp-json\/wp\/v2\/users\/1"}],"replies":[{"embeddable":true,"href":"https:\/\/www.gruppopdregionetoscana.it\/web\/wp-json\/wp\/v2\/comments?post=15562"}],"version-history":[{"count":0,"href":"https:\/\/www.gruppopdregionetoscana.it\/web\/wp-json\/wp\/v2\/posts\/15562\/revisions"}],"wp:featuredmedia":[{"embeddable":true,"href":"https:\/\/www.gruppopdregionetoscana.it\/web\/wp-json\/wp\/v2\/media\/13421"}],"wp:attachment":[{"href":"https:\/\/www.gruppopdregionetoscana.it\/web\/wp-json\/wp\/v2\/media?parent=15562"}],"wp:term":[{"taxonomy":"category","embeddable":true,"href":"https:\/\/www.gruppopdregionetoscana.it\/web\/wp-json\/wp\/v2\/categories?post=15562"},{"taxonomy":"post_tag","embeddable":true,"href":"https:\/\/www.gruppopdregionetoscana.it\/web\/wp-json\/wp\/v2\/tags?post=15562"}],"curies":[{"name":"wp","href":"https:\/\/api.w.org\/{rel}","templated":true}]}}