{"id":15569,"date":"2017-04-27T11:52:18","date_gmt":"2017-04-27T09:52:18","guid":{"rendered":"http:\/\/www.gruppopdregionetoscana.it\/web\/?p=15569"},"modified":"2017-04-27T11:52:18","modified_gmt":"2017-04-27T09:52:18","slug":"sciopero-della-fame-consigliere-francesco-gazzetti-per-vertenza-grandi-molini-livorno-capogruppo-e-vicecapogruppo-in-regione-facciamo-nostra-la-tua-battaglia-ma-ora-fermati","status":"publish","type":"post","link":"https:\/\/www.gruppopdregionetoscana.it\/web\/sciopero-della-fame-consigliere-francesco-gazzetti-per-vertenza-grandi-molini-livorno-capogruppo-e-vicecapogruppo-in-regione-facciamo-nostra-la-tua-battaglia-ma-ora-fermati\/","title":{"rendered":"Sciopero della fame consigliere Francesco Gazzetti per vertenza Grandi Molini Livorno, Capogruppo e vicecapogruppo in Regione: \u201cFacciamo nostra la tua battaglia, ma ora fermati\u201d"},"content":{"rendered":"<p><strong>Leonardo Marras e Monia Monni invitano il collega a sospendere lo sciopero dopo il malore di ieri<\/strong><\/p>\n<p><img loading=\"lazy\" decoding=\"async\" class=\"alignleft size-full wp-image-15021\" src=\"http:\/\/www.gruppopdregionetoscana.it\/web\/wp-content\/uploads\/2017\/02\/grandimolini.jpg\" alt=\"grandimolini\" width=\"725\" height=\"353\" srcset=\"https:\/\/www.gruppopdregionetoscana.it\/web\/wp-content\/uploads\/2017\/02\/grandimolini.jpg 725w, https:\/\/www.gruppopdregionetoscana.it\/web\/wp-content\/uploads\/2017\/02\/grandimolini-300x146.jpg 300w\" sizes=\"auto, (max-width: 725px) 100vw, 725px\" \/>\u00abIl modo di interpretare il mandato che i cittadini ci hanno assegnato \u00e8 personale, risponde a elementi caratteriali, ma anche a come ciascuno di noi interpreta il proprio rapporto con la politica ed il suo senso pi\u00f9 profondo. Il consigliere Francesco Gazzetti ha deciso di mettere in gioco addirittura se stesso, sottoponendosi ad uno sciopero della fame, per sostenere le ragioni dei lavoratori della Grandi Molini di Livorno davanti ad una propriet\u00e0 fin ora poco incline al dialogo. Sostenendo loro ha anche gridato la necessit\u00e0 di rispetto per le istituzioni e per la citt\u00e0 di Livorno, fortemente provata da una crisi che picchia durissimo e che non solo non pu\u00f2 permettersi la perdita nemmeno di un ulteriore posto di lavoro, ma che esige giusta considerazione e pretende dignit\u00e0. Ieri Gazzetti, durante la visita del sottosegretario al lavoro Teresa Bellanova, che si sta interessando a questa delicata vertenza, ha accusato un malore ed ha dovuto sottoporsi ad accertamenti in Pronto Soccorso. Fortunatamente, nonostante sia debilitato e compatibilmente con le conseguenze del prolungato digiuno, \u00e8 in buone condizioni. Tuttavia l\u2019episodio di ieri desta in noi forte preoccupazione e sentiamo il bisogno di chiedergli, anche pubblicamente, di fermarsi. Il suo messaggio \u00e8 arrivato forte e chiaro. Tutto il gruppo regionale del Pd camminer\u00e0 al suo fianco e far\u00e0 propria la sua battaglia nell\u2019interesse dei lavoratori della Grandi Molini e della citt\u00e0 di Livorno\u00bb.<\/p>\n<p>Cos\u00ec <strong>Leonardo Marras<\/strong> e <strong>Monia Monni<\/strong>, rispettivamente capogruppo e vicecapogruppo del Pd in Consiglio regionale, invitano il consigliere <strong>Francesco Gazzetti<\/strong> a interrompere lo sciopero della fame.<\/p>\n","protected":false},"excerpt":{"rendered":"<p>Leonardo Marras e Monia Monni invitano il collega a sospendere lo sciopero dopo il malore di ieri \u00abIl modo di interpretare il mandato che i cittadini ci hanno assegnato \u00e8 personale, risponde a elementi caratteriali, ma anche a come ciascuno di noi interpreta il proprio rapporto con la politica ed il suo senso pi\u00f9 profondo. [&hellip;]<\/p>\n","protected":false},"author":1,"featured_media":15570,"comment_status":"closed","ping_status":"closed","sticky":false,"template":"","format":"standard","meta":{"_jetpack_memberships_contains_paid_content":false,"footnotes":""},"categories":[30,1002,954,955],"tags":[1718,33],"class_list":{"0":"post-15569","1":"post","2":"type-post","3":"status-publish","4":"format-standard","5":"has-post-thumbnail","7":"category-comunicati-stampa","8":"category-francesco-gazzetti","9":"category-leonardo-marras","10":"category-monia-monni","11":"tag-grandi-molini","12":"tag-livorno","13":"czr-hentry"},"jetpack_featured_media_url":"https:\/\/www.gruppopdregionetoscana.it\/web\/wp-content\/uploads\/2017\/04\/gazzettigrandimolini.jpg","jetpack_sharing_enabled":true,"_links":{"self":[{"href":"https:\/\/www.gruppopdregionetoscana.it\/web\/wp-json\/wp\/v2\/posts\/15569","targetHints":{"allow":["GET"]}}],"collection":[{"href":"https:\/\/www.gruppopdregionetoscana.it\/web\/wp-json\/wp\/v2\/posts"}],"about":[{"href":"https:\/\/www.gruppopdregionetoscana.it\/web\/wp-json\/wp\/v2\/types\/post"}],"author":[{"embeddable":true,"href":"https:\/\/www.gruppopdregionetoscana.it\/web\/wp-json\/wp\/v2\/users\/1"}],"replies":[{"embeddable":true,"href":"https:\/\/www.gruppopdregionetoscana.it\/web\/wp-json\/wp\/v2\/comments?post=15569"}],"version-history":[{"count":0,"href":"https:\/\/www.gruppopdregionetoscana.it\/web\/wp-json\/wp\/v2\/posts\/15569\/revisions"}],"wp:featuredmedia":[{"embeddable":true,"href":"https:\/\/www.gruppopdregionetoscana.it\/web\/wp-json\/wp\/v2\/media\/15570"}],"wp:attachment":[{"href":"https:\/\/www.gruppopdregionetoscana.it\/web\/wp-json\/wp\/v2\/media?parent=15569"}],"wp:term":[{"taxonomy":"category","embeddable":true,"href":"https:\/\/www.gruppopdregionetoscana.it\/web\/wp-json\/wp\/v2\/categories?post=15569"},{"taxonomy":"post_tag","embeddable":true,"href":"https:\/\/www.gruppopdregionetoscana.it\/web\/wp-json\/wp\/v2\/tags?post=15569"}],"curies":[{"name":"wp","href":"https:\/\/api.w.org\/{rel}","templated":true}]}}