{"id":15580,"date":"2017-04-28T12:56:13","date_gmt":"2017-04-28T10:56:13","guid":{"rendered":"http:\/\/www.gruppopdregionetoscana.it\/web\/?p=15580"},"modified":"2017-04-28T12:56:13","modified_gmt":"2017-04-28T10:56:13","slug":"difesa-del-suolo-bezzini-e-scaramelli-soddisfatti-opere-per-oltre-3milioni-e-mezzo-di-euro-in-provincia-di-siena","status":"publish","type":"post","link":"https:\/\/www.gruppopdregionetoscana.it\/web\/difesa-del-suolo-bezzini-e-scaramelli-soddisfatti-opere-per-oltre-3milioni-e-mezzo-di-euro-in-provincia-di-siena\/","title":{"rendered":"Difesa del suolo, Bezzini  e Scaramelli soddisfatti: \u201cOpere per oltre 3milioni e mezzo di euro in provincia di Siena\u201d"},"content":{"rendered":"<p><i><span style=\"font-family: 'Georgia','serif'; font-size: 14pt;\"><span style=\"color: #000000;\">Risorse per cinque interventi nei territori di Abbadia San Salvatore, Buonconvento, Siena, San Casciano dei Bagni, Ponte d\u2019Arbia <\/span><\/span><\/i><\/p>\n<p><span style=\"font-family: 'Georgia','serif'; font-size: 14pt;\"><span style=\"color: #000000;\">Quasi 3milioni\u00a0 e 500mila euro di risorse pubbliche per la realizzazione di interventi per la difesa del suolo nella provincia di Siena<\/span>, con <span style=\"color: #000000;\">una particolare attenzione rivolta all\u2019Amiata. E\u2019 quanto prevede il documento di attuazione degli interventi per la difesa del suolo approvato dalla giunta regionale per il 2017. \u201cSi tratta 3milioni 440mila euro \u2013 spiegano i <\/span><b><span style=\"color: #000000;\">consiglieri Simone Bezzini e Stefano Scaramelli-<\/span><\/b><span style=\"color: #000000;\"> da spalmare in 5 interventi che riguardano in particolare le zone di <\/span><b><span style=\"color: #000000;\">Abbadia San Salvatore, San Casciano dei\u00a0 Bagni, Buonconvento <\/span><\/b><span style=\"color: #000000;\">e <\/span><b><span style=\"color: #000000;\">Ponte d\u2019Arbia<\/span><\/b><span style=\"color: #000000;\">. Ringraziamo l\u2019assessore Fratoni \u2013 aggiungono i consiglieri- per l\u2019attenzione\u00a0 rivolta a questo territorio. Siena fra tutte le province toscane \u00e8 fra quelle che riceve la somma pi\u00f9 cospicua\u00a0 e che ha il pi\u00f9 alto numero di interventi\u201d.<\/span><\/span><\/p>\n<p><span style=\"font-family: 'Georgia','serif'; font-size: 14pt;\"><span style=\"color: #000000;\">Nel dettaglio sono previsti <b>1milione 559mila<\/b><\/span><span style=\"color: #000000;\"> euro per un intervento di manutenzione straordinaria della SP18 in localit\u00e0 Abbadia San Salvatore, nel tratto interessato dalla frana di via Esasseta (<\/span><b><span style=\"color: #000000;\">sia Scaramelli che Bezzini<\/span><\/b><span style=\"color: #000000;\"> avevano sollecitato questo intervento con un\u2019interrogazione rivolta alla Giunta nei mesi scorsi); sempre per Abbadia San Salvatore \u00e8 previsto <\/span><b><span style=\"color: #000000;\">1milione 734mila<\/span><\/b><span style=\"color: #000000;\"> euro destinato alla realizzazione del by pass idraulico del laghetto Muraglione. Ci sono poi <\/span><b><span style=\"color: #000000;\">30mila euro<\/span><\/b><span style=\"color: #000000;\"> per gli impianti di sollevamento per la mitigazione del rischio idraulico nell\u2019abitato di Ponte d\u2019Arbia e <\/span><b><span style=\"color: #000000;\">45mila euro<\/span><\/b><span style=\"color: #000000;\"> sempre la mitigazione del rischio idraulico nell\u2019abitato di Buoncovento. Altri <\/span><b><span style=\"color: #000000;\">74mila euro<\/span><\/b><span style=\"color: #000000;\">\u00a0 sono destinati invece alla sistemazione del resede dell\u2019asilo\u00a0 a Fontebranda a Siena<\/span><\/span><\/p>\n<p><span style=\"font-family: 'Georgia','serif'; font-size: 14pt;\"><span style=\"color: #000000;\">\u201cSi tratta \u2013 aggiungono <b>Bezzini e Scaramelli<\/b><\/span><span style=\"color: #000000;\">&#8211; di interventi molto importanti che vanno nella direzione auspicata: rendere il nostro territorio pi\u00f9 sicuro mitigando i rischi e gli effetti prodotti da frane e alluvioni. La messa in sicurezza del territorio \u00e8 una priorit\u00e0\u00a0 e questo sforzo della Giunta nell\u2019aver reperito le risorse \u00e8 molto importante e apprezzato\u201d<\/span><\/span><\/p>\n<p><span style=\"color: #000000; font-family: Calibri;\">\u00a0<\/span><\/p>\n<p>&nbsp;<\/p>\n","protected":false},"excerpt":{"rendered":"<p>Risorse per cinque interventi nei territori di Abbadia San Salvatore, Buonconvento, Siena, San Casciano dei Bagni, Ponte d\u2019Arbia Quasi 3milioni\u00a0 e 500mila euro di risorse pubbliche per la realizzazione di interventi per la difesa del suolo nella provincia di Siena, con una particolare attenzione rivolta all\u2019Amiata. E\u2019 quanto prevede il documento di attuazione degli interventi [&hellip;]<\/p>\n","protected":false},"author":1,"featured_media":15581,"comment_status":"closed","ping_status":"closed","sticky":false,"template":"","format":"standard","meta":{"_jetpack_memberships_contains_paid_content":false,"footnotes":""},"categories":[30,956,971],"tags":[1732,1119,244],"class_list":{"0":"post-15580","1":"post","2":"type-post","3":"status-publish","4":"format-standard","5":"has-post-thumbnail","7":"category-comunicati-stampa","8":"category-simone-bezzini","9":"category-stefano-scaramelli","10":"tag-abbadia-san-salvatore","11":"tag-amiata","12":"tag-siena","13":"czr-hentry"},"jetpack_featured_media_url":"https:\/\/www.gruppopdregionetoscana.it\/web\/wp-content\/uploads\/2017\/04\/frana.png","jetpack_sharing_enabled":true,"_links":{"self":[{"href":"https:\/\/www.gruppopdregionetoscana.it\/web\/wp-json\/wp\/v2\/posts\/15580","targetHints":{"allow":["GET"]}}],"collection":[{"href":"https:\/\/www.gruppopdregionetoscana.it\/web\/wp-json\/wp\/v2\/posts"}],"about":[{"href":"https:\/\/www.gruppopdregionetoscana.it\/web\/wp-json\/wp\/v2\/types\/post"}],"author":[{"embeddable":true,"href":"https:\/\/www.gruppopdregionetoscana.it\/web\/wp-json\/wp\/v2\/users\/1"}],"replies":[{"embeddable":true,"href":"https:\/\/www.gruppopdregionetoscana.it\/web\/wp-json\/wp\/v2\/comments?post=15580"}],"version-history":[{"count":0,"href":"https:\/\/www.gruppopdregionetoscana.it\/web\/wp-json\/wp\/v2\/posts\/15580\/revisions"}],"wp:featuredmedia":[{"embeddable":true,"href":"https:\/\/www.gruppopdregionetoscana.it\/web\/wp-json\/wp\/v2\/media\/15581"}],"wp:attachment":[{"href":"https:\/\/www.gruppopdregionetoscana.it\/web\/wp-json\/wp\/v2\/media?parent=15580"}],"wp:term":[{"taxonomy":"category","embeddable":true,"href":"https:\/\/www.gruppopdregionetoscana.it\/web\/wp-json\/wp\/v2\/categories?post=15580"},{"taxonomy":"post_tag","embeddable":true,"href":"https:\/\/www.gruppopdregionetoscana.it\/web\/wp-json\/wp\/v2\/tags?post=15580"}],"curies":[{"name":"wp","href":"https:\/\/api.w.org\/{rel}","templated":true}]}}