{"id":15583,"date":"2017-04-28T13:24:16","date_gmt":"2017-04-28T11:24:16","guid":{"rendered":"http:\/\/www.gruppopdregionetoscana.it\/web\/?p=15583"},"modified":"2017-04-28T13:24:16","modified_gmt":"2017-04-28T11:24:16","slug":"livorno-nuovo-attacco-di-grillo-ai-giornalisti-leonardo-marras-monia-monni-e-francesco-gazzetti-parole-pericolose-che-confermano-allarme-reporter-senza-frontiere","status":"publish","type":"post","link":"https:\/\/www.gruppopdregionetoscana.it\/web\/livorno-nuovo-attacco-di-grillo-ai-giornalisti-leonardo-marras-monia-monni-e-francesco-gazzetti-parole-pericolose-che-confermano-allarme-reporter-senza-frontiere\/","title":{"rendered":"Livorno, Nuovo attacco di Grillo ai giornalisti, Leonardo Marras, Monia Monni e Francesco Gazzetti: \u201cParole pericolose che confermano allarme Reporter senza frontiere\u201d"},"content":{"rendered":"<p><strong>I tre consiglieri regionali preoccupati per il clima anti-stampa, che ha avuto episodi gravi anche a Firenze il 25 aprile<\/strong><\/p>\n<p><img loading=\"lazy\" decoding=\"async\" class=\"alignleft wp-image-15584\" src=\"http:\/\/www.gruppopdregionetoscana.it\/web\/wp-content\/uploads\/2017\/04\/rsf.jpg\" alt=\"rsf\" width=\"927\" height=\"521\" srcset=\"https:\/\/www.gruppopdregionetoscana.it\/web\/wp-content\/uploads\/2017\/04\/rsf.jpg 1140w, https:\/\/www.gruppopdregionetoscana.it\/web\/wp-content\/uploads\/2017\/04\/rsf-300x169.jpg 300w, https:\/\/www.gruppopdregionetoscana.it\/web\/wp-content\/uploads\/2017\/04\/rsf-1024x576.jpg 1024w\" sizes=\"auto, (max-width: 927px) 100vw, 927px\" \/>\u00abParole che non possiamo tollerare in un paese democratico e in una citt\u00e0 come Livorno, dove la libert\u00e0 di stampa e di informazione hanno radici antiche. Il leader del M5S sta passando il segno e le sue invettive contro i giornalisti presenti al teatro Goldoni non fanno altro che confermare l\u2019allarme lanciato da \u201cReporter senza frontiere\u201d che ha recentemente denunciato l&#8217;effetto di &#8220;responsabili politici come Beppe Grillo che non esitano a comunicare pubblicamente l&#8217;identit\u00e0 dei giornalisti che danno loro fastidio&#8221;. Additare i giornalisti che stavano facendo il loro lavoro \u00e8 un fatto gravissimo e pericoloso, che non pu\u00f2 e non deve passare in sordina. Esprimiamo piena solidariet\u00e0 e vicinanza nei confronti dei giornalisti livornesi e in generale di tutti coloro che ogni giorno lavorano nel mondo dell\u2019informazione, persone che in alcun modo possono essere intimidite. Sono comportamenti che dovrebbero far riflettere su chi incarna davvero il rischio di una deriva autoritaria\u00bb.<\/p>\n<p>Cos\u00ec il capogruppo del Pd in Regione <strong>Leonardo Marras<\/strong>, la vicecapogruppo <strong>Monia Monni<\/strong> e il consigliere regionale e giornalista livornese <strong>Francesco Gazzetti<\/strong> sulle frasi pronunciate ieri sera a Livorno da Beppe Grillo nei confronti dei giornalisti presenti al teatro Goldoni.<\/p>\n<p>\u00abIl nostro pensiero in questo clima \u201canti-stampa\u201d \u2013 aggiungono i consiglieri Pd \u2013 va anche al cronista del Corriere Fiorentino Antonio Passanese, che qualche giorno fa a Firenze \u00e8 stato insultato e allontanato da una manifestazione per le celebrazioni della festa della Liberazione. Certo, l\u2019episodio, gravissimo, \u00e8 avvenuto in un contesto diverso e ha avuto sostanza concreta, ma tutto ci\u00f2 ci ammonisce sulla pericolosit\u00e0 oggettiva di certi attacchi nei confronti dell\u2019informazione\u00bb.<\/p>\n<p>&nbsp;<\/p>\n","protected":false},"excerpt":{"rendered":"<p>I tre consiglieri regionali preoccupati per il clima anti-stampa, che ha avuto episodi gravi anche a Firenze il 25 aprile \u00abParole che non possiamo tollerare in un paese democratico e in una citt\u00e0 come Livorno, dove la libert\u00e0 di stampa e di informazione hanno radici antiche. Il leader del M5S sta passando il segno e [&hellip;]<\/p>\n","protected":false},"author":1,"featured_media":15585,"comment_status":"closed","ping_status":"closed","sticky":false,"template":"","format":"standard","meta":{"_jetpack_memberships_contains_paid_content":false,"footnotes":""},"categories":[30,1002,954,955],"tags":[],"class_list":{"0":"post-15583","1":"post","2":"type-post","3":"status-publish","4":"format-standard","5":"has-post-thumbnail","7":"category-comunicati-stampa","8":"category-francesco-gazzetti","9":"category-leonardo-marras","10":"category-monia-monni","11":"czr-hentry"},"jetpack_featured_media_url":"https:\/\/www.gruppopdregionetoscana.it\/web\/wp-content\/uploads\/2017\/04\/marras-monni-gazzetti.jpg","jetpack_sharing_enabled":true,"_links":{"self":[{"href":"https:\/\/www.gruppopdregionetoscana.it\/web\/wp-json\/wp\/v2\/posts\/15583","targetHints":{"allow":["GET"]}}],"collection":[{"href":"https:\/\/www.gruppopdregionetoscana.it\/web\/wp-json\/wp\/v2\/posts"}],"about":[{"href":"https:\/\/www.gruppopdregionetoscana.it\/web\/wp-json\/wp\/v2\/types\/post"}],"author":[{"embeddable":true,"href":"https:\/\/www.gruppopdregionetoscana.it\/web\/wp-json\/wp\/v2\/users\/1"}],"replies":[{"embeddable":true,"href":"https:\/\/www.gruppopdregionetoscana.it\/web\/wp-json\/wp\/v2\/comments?post=15583"}],"version-history":[{"count":0,"href":"https:\/\/www.gruppopdregionetoscana.it\/web\/wp-json\/wp\/v2\/posts\/15583\/revisions"}],"wp:featuredmedia":[{"embeddable":true,"href":"https:\/\/www.gruppopdregionetoscana.it\/web\/wp-json\/wp\/v2\/media\/15585"}],"wp:attachment":[{"href":"https:\/\/www.gruppopdregionetoscana.it\/web\/wp-json\/wp\/v2\/media?parent=15583"}],"wp:term":[{"taxonomy":"category","embeddable":true,"href":"https:\/\/www.gruppopdregionetoscana.it\/web\/wp-json\/wp\/v2\/categories?post=15583"},{"taxonomy":"post_tag","embeddable":true,"href":"https:\/\/www.gruppopdregionetoscana.it\/web\/wp-json\/wp\/v2\/tags?post=15583"}],"curies":[{"name":"wp","href":"https:\/\/api.w.org\/{rel}","templated":true}]}}