{"id":15591,"date":"2017-04-29T17:16:29","date_gmt":"2017-04-29T15:16:29","guid":{"rendered":"http:\/\/www.gruppopdregionetoscana.it\/web\/?p=15591"},"modified":"2017-04-29T17:22:07","modified_gmt":"2017-04-29T15:22:07","slug":"morte-sul-lavoro-marras-pd-inaccettabile-impegno-ancora-piu-forte-perche-si-diffonda-la-cultura-della-sicurezza","status":"publish","type":"post","link":"https:\/\/www.gruppopdregionetoscana.it\/web\/morte-sul-lavoro-marras-pd-inaccettabile-impegno-ancora-piu-forte-perche-si-diffonda-la-cultura-della-sicurezza\/","title":{"rendered":"Morte sul lavoro, Marras (PD): \u201cInaccettabile, impegno ancora pi\u00f9 forte perch\u00e9 si diffonda la cultura della sicurezza\u201d"},"content":{"rendered":"<p>\u201cNon ci pu\u00f2 essere lavoro senza sicurezza, mai. Negli anni la consapevolezza dell\u2019importanza dell\u2019informazione, della prevenzione, del rispetto delle regole \u00e8 cresciuta, ma non basta perch\u00e9 continuiamo a registrare gravi incidenti e piangere morti sui luoghi di lavoro. Come siamo costretti a fare oggi apprendendo dell\u2019infortunio che ha coinvolto Fabio Rossini a soli 21 anni, una notizia drammatica che ci riporta ad una triste realt\u00e0 proprio alla vigilia della Festa dei lavoratori\u201d\u2014. Cos\u00ec<strong> Leonardo Marras<\/strong>, capogruppo PD Regione Toscana, commentando il tragico infortunio sul lavoro che si \u00e8 consumato nelle ultime ore nel fiorentino.<\/p>\n<p>\u201cSolo poche ore fa \u2014 prosegue <strong>Marras<\/strong>\u2014, a Grosseto, un lavoratore \u00e8 rimasto coinvolto in un incidente, per fortuna senza gravi conseguenze e lo stesso, pochi giorni fa, un operaio agricolo. L\u2019educazione alla prevenzione \u00e8 innanzitutto senso di responsabilit\u00e0, l\u2019impegno della Regione in questo senso \u00e8 massimo ma serve ancora pi\u00f9 forza nella nostra azione perch\u00e9 la cultura della sicurezza diventi patrimonio di tutti e le regole siano considerate non come limite, ma come senso di civilt\u00e0. Tra i motivi dell\u2019istituzione della Festa del Primo Maggio c\u2019\u00e8 proprio la rivendicazione di ambienti sicuri di lavoro, quest\u2019anno pi\u00f9 che mai \u00e8 necessario ritrovarne il senso profondo: fermiamoci a riflettere, impegniamoci tutti affinch\u00e9 ogni lavoratore sia consapevole dei propri diritti ed eserciti l\u2019autotutela, ci sia un impianto chiaro di regole e, soprattutto, un sistema di controllo efficiente. Il lavoro \u00e8 dignit\u00e0, il lavoro non pu\u00f2 essere pericolo e morte\u201d.<\/p>\n","protected":false},"excerpt":{"rendered":"<p>\u201cNon ci pu\u00f2 essere lavoro senza sicurezza, mai. Negli anni la consapevolezza dell\u2019importanza dell\u2019informazione, della prevenzione, del rispetto delle regole \u00e8 cresciuta, ma non basta perch\u00e9 continuiamo a registrare gravi incidenti e piangere morti sui luoghi di lavoro. Come siamo costretti a fare oggi apprendendo dell\u2019infortunio che ha coinvolto Fabio Rossini a soli 21 anni, [&hellip;]<\/p>\n","protected":false},"author":1,"featured_media":15592,"comment_status":"closed","ping_status":"closed","sticky":false,"template":"","format":"standard","meta":{"_jetpack_memberships_contains_paid_content":false,"footnotes":""},"categories":[30,954],"tags":[],"class_list":{"0":"post-15591","1":"post","2":"type-post","3":"status-publish","4":"format-standard","5":"has-post-thumbnail","7":"category-comunicati-stampa","8":"category-leonardo-marras","9":"czr-hentry"},"jetpack_featured_media_url":"https:\/\/www.gruppopdregionetoscana.it\/web\/wp-content\/uploads\/2017\/04\/morte-sul-lavoro.jpeg","jetpack_sharing_enabled":true,"_links":{"self":[{"href":"https:\/\/www.gruppopdregionetoscana.it\/web\/wp-json\/wp\/v2\/posts\/15591","targetHints":{"allow":["GET"]}}],"collection":[{"href":"https:\/\/www.gruppopdregionetoscana.it\/web\/wp-json\/wp\/v2\/posts"}],"about":[{"href":"https:\/\/www.gruppopdregionetoscana.it\/web\/wp-json\/wp\/v2\/types\/post"}],"author":[{"embeddable":true,"href":"https:\/\/www.gruppopdregionetoscana.it\/web\/wp-json\/wp\/v2\/users\/1"}],"replies":[{"embeddable":true,"href":"https:\/\/www.gruppopdregionetoscana.it\/web\/wp-json\/wp\/v2\/comments?post=15591"}],"version-history":[{"count":0,"href":"https:\/\/www.gruppopdregionetoscana.it\/web\/wp-json\/wp\/v2\/posts\/15591\/revisions"}],"wp:featuredmedia":[{"embeddable":true,"href":"https:\/\/www.gruppopdregionetoscana.it\/web\/wp-json\/wp\/v2\/media\/15592"}],"wp:attachment":[{"href":"https:\/\/www.gruppopdregionetoscana.it\/web\/wp-json\/wp\/v2\/media?parent=15591"}],"wp:term":[{"taxonomy":"category","embeddable":true,"href":"https:\/\/www.gruppopdregionetoscana.it\/web\/wp-json\/wp\/v2\/categories?post=15591"},{"taxonomy":"post_tag","embeddable":true,"href":"https:\/\/www.gruppopdregionetoscana.it\/web\/wp-json\/wp\/v2\/tags?post=15591"}],"curies":[{"name":"wp","href":"https:\/\/api.w.org\/{rel}","templated":true}]}}