{"id":15595,"date":"2017-05-02T15:14:22","date_gmt":"2017-05-02T13:14:22","guid":{"rendered":"http:\/\/www.gruppopdregionetoscana.it\/web\/?p=15595"},"modified":"2017-05-02T15:14:22","modified_gmt":"2017-05-02T13:14:22","slug":"rifiuti-pieroni-pd-col-nuovo-impianto-di-pontedera-passo-importante-verso-un-futuro-sempre-piu-sostenibile","status":"publish","type":"post","link":"https:\/\/www.gruppopdregionetoscana.it\/web\/rifiuti-pieroni-pd-col-nuovo-impianto-di-pontedera-passo-importante-verso-un-futuro-sempre-piu-sostenibile\/","title":{"rendered":"Rifiuti, Pieroni (PD): \u201cCol nuovo impianto di Pontedera passo importante verso un futuro sempre pi\u00f9 sostenibile\u201d"},"content":{"rendered":"<p>\u201cIl nuovo impianto di compostaggio che verr\u00e0 realizzato da Geofor a Pontedera sar\u00e0 un passo avanti importante per il territorio nella gestione sostenibile dei rifiuti\u201d \u2013 commenta <strong>Andrea Pieroni<\/strong>, consigliere regionale, intervenendo questa mattina alla cerimonia di posa della prima pietra insieme al Ministro dell\u2019Ambiente Gianluca Galletti e ai rappresentanti delle istituzioni locali.<\/p>\n<p>\u201cI rifiuti \u2013 prosegue <strong>Pieroni<\/strong> \u2013 sono una risorsa, un fattore di competitivit\u00e0 per i territori, per questo accogliamo con soddisfazione la realizzazione di questo nuovo impianto che potenzier\u00e0 il polo ambientale di Pontedera e diventer\u00e0 strategico per l\u2019intera Toscana grazie la capacit\u00e0 di accogliere 44mila tonnellate annue di rifiuti organici. Un\u2019operazione che porter\u00e0 benefici sia economici, rafforzando l\u2019economia legata alla differenziata, sia ambientali, con la chiusura del ciclo di raccolta e smaltimento: i rifiuti organici saranno trasformati in energia elettrica e fertilizzante utilizzabile in agricoltura e per le attivit\u00e0 di florovivaismo. Come Regione Toscana seguiamo da tempo la situazione, nell\u2019agosto del 2016 \u00e8 stata rilasciata l\u2019autorizzazione a Geofor per la realizzazione della struttura e oggi, a distanza di pochi mesi, sono orgoglioso di aver partecipato alla cerimonia d\u2019inizio dei lavori. Adesso, l\u2019auspicio \u00e8 quello che siano rispettati i tempi previsti affinch\u00e9 siano ridotti al minimo i disagi causati dal vecchio impianto e tra meno di due anni sia attivo a pieno regime\u201d.<\/p>\n<p>&nbsp;<\/p>\n","protected":false},"excerpt":{"rendered":"<p>\u201cIl nuovo impianto di compostaggio che verr\u00e0 realizzato da Geofor a Pontedera sar\u00e0 un passo avanti importante per il territorio nella gestione sostenibile dei rifiuti\u201d \u2013 commenta Andrea Pieroni, consigliere regionale, intervenendo questa mattina alla cerimonia di posa della prima pietra insieme al Ministro dell\u2019Ambiente Gianluca Galletti e ai rappresentanti delle istituzioni locali. \u201cI rifiuti [&hellip;]<\/p>\n","protected":false},"author":1,"featured_media":15596,"comment_status":"closed","ping_status":"closed","sticky":false,"template":"","format":"standard","meta":{"_jetpack_memberships_contains_paid_content":false,"footnotes":""},"categories":[970,30],"tags":[],"class_list":{"0":"post-15595","1":"post","2":"type-post","3":"status-publish","4":"format-standard","5":"has-post-thumbnail","7":"category-andrea-pieroni","8":"category-comunicati-stampa","9":"czr-hentry"},"jetpack_featured_media_url":"https:\/\/www.gruppopdregionetoscana.it\/web\/wp-content\/uploads\/2017\/05\/impianto-compostaggio-geofor.jpg","jetpack_sharing_enabled":true,"_links":{"self":[{"href":"https:\/\/www.gruppopdregionetoscana.it\/web\/wp-json\/wp\/v2\/posts\/15595","targetHints":{"allow":["GET"]}}],"collection":[{"href":"https:\/\/www.gruppopdregionetoscana.it\/web\/wp-json\/wp\/v2\/posts"}],"about":[{"href":"https:\/\/www.gruppopdregionetoscana.it\/web\/wp-json\/wp\/v2\/types\/post"}],"author":[{"embeddable":true,"href":"https:\/\/www.gruppopdregionetoscana.it\/web\/wp-json\/wp\/v2\/users\/1"}],"replies":[{"embeddable":true,"href":"https:\/\/www.gruppopdregionetoscana.it\/web\/wp-json\/wp\/v2\/comments?post=15595"}],"version-history":[{"count":0,"href":"https:\/\/www.gruppopdregionetoscana.it\/web\/wp-json\/wp\/v2\/posts\/15595\/revisions"}],"wp:featuredmedia":[{"embeddable":true,"href":"https:\/\/www.gruppopdregionetoscana.it\/web\/wp-json\/wp\/v2\/media\/15596"}],"wp:attachment":[{"href":"https:\/\/www.gruppopdregionetoscana.it\/web\/wp-json\/wp\/v2\/media?parent=15595"}],"wp:term":[{"taxonomy":"category","embeddable":true,"href":"https:\/\/www.gruppopdregionetoscana.it\/web\/wp-json\/wp\/v2\/categories?post=15595"},{"taxonomy":"post_tag","embeddable":true,"href":"https:\/\/www.gruppopdregionetoscana.it\/web\/wp-json\/wp\/v2\/tags?post=15595"}],"curies":[{"name":"wp","href":"https:\/\/api.w.org\/{rel}","templated":true}]}}