{"id":15687,"date":"2017-05-24T14:02:18","date_gmt":"2017-05-24T12:02:18","guid":{"rendered":"http:\/\/www.gruppopdregionetoscana.it\/web\/?p=15687"},"modified":"2017-05-24T14:03:09","modified_gmt":"2017-05-24T12:03:09","slug":"vicenda-cantone-pressing-pd-in-aula-sui-5-stelle-marras-monni-mazzeo-e-gazzetti-attaccano-e-vogliono-risposte","status":"publish","type":"post","link":"https:\/\/www.gruppopdregionetoscana.it\/web\/vicenda-cantone-pressing-pd-in-aula-sui-5-stelle-marras-monni-mazzeo-e-gazzetti-attaccano-e-vogliono-risposte\/","title":{"rendered":"Vicenda Cantone, Pressing Pd in aula sui 5 Stelle Marras, Monni, Mazzeo e Gazzetti attaccano e vogliono risposte"},"content":{"rendered":"<p style=\"text-align: justify;\"><span style=\"color: #000000;\"><em>Alla fine Giannarelli, incalzato dai Dem, interrompe il silenzio ma tenta di \u201csminuire\u201d<\/em><\/span><\/p>\n<p style=\"text-align: justify;\"><span style=\"color: #000000;\"><em>Alcuni consiglieri Pd seguono l\u2019intervento di Marras sfogliando copie dell\u2019Espresso, il settimanale che aveva svelato i retroscena delle societ\u00e0 di Cantone a Malta<\/em><\/span><\/p>\n<p style=\"text-align: justify;\">\n<p style=\"text-align: justify;\"><span style=\"color: #000000;\"><img loading=\"lazy\" decoding=\"async\" class=\"alignleft size-thumbnail wp-image-9986\" src=\"http:\/\/www.gruppopdregionetoscana.it\/web\/wp-content\/uploads\/2015\/07\/leonardo-marras-150x150.jpg\" alt=\"leonardo marras\" width=\"150\" height=\"150\" srcset=\"https:\/\/www.gruppopdregionetoscana.it\/web\/wp-content\/uploads\/2015\/07\/leonardo-marras-150x150.jpg 150w, https:\/\/www.gruppopdregionetoscana.it\/web\/wp-content\/uploads\/2015\/07\/leonardo-marras-300x300.jpg 300w, https:\/\/www.gruppopdregionetoscana.it\/web\/wp-content\/uploads\/2015\/07\/leonardo-marras-66x66.jpg 66w, https:\/\/www.gruppopdregionetoscana.it\/web\/wp-content\/uploads\/2015\/07\/leonardo-marras.jpg 875w\" sizes=\"auto, (max-width: 150px) 100vw, 150px\" \/>\u00abMi rivolgo al sindaco Nogarin: ma dove sta l\u2019eroismo nel dimettersi perch\u00e9 un consigliere si \u00e8 dimenticato di dichiarare due societ\u00e0 a Malta? Ieri abbiamo celebrato Capaci, l\u2019eroismo \u00e8 un\u2019altra cosa\u2026 \u00e8 una parola che andrebbe protetta nel vocabolario italiano. Non \u00e8 eroico dimettersi perch\u00e9 si omette di dichiarare il possesso di due societ\u00e0 a Malta. Non \u00e8 eroico chiedere che le riunioni d\u2019aula durino mezzora in pi\u00f9, o che comincino con puntualit\u00e0. Perch\u00e9 \u00e8 questo il contributo effettivo che l\u2019eroe Cantone ha dato in questo Consiglio\u00bb.<\/span><\/p>\n<p style=\"text-align: justify;\"><span style=\"color: #000000;\">Lo ha detto <strong>Leonardo Marras<\/strong>, capogruppo del Pd in Consiglio regionale, presentando la mozione \u201c<strong>in merito all\u2019opportunit\u00e0 di implementare l&#8217;anagrafe pubblica dei consiglieri e degli assessori regionali relativamente agli aspetti concernenti la trasparenza patrimoniale e associativa\u201d <\/strong>e facendo esplicito riferimento alla nota vicenda dell\u2019ex consigliere M5S Enrico Cantone.<\/span><\/p>\n<p style=\"text-align: justify;\"><span style=\"color: #000000;\">La mozione, approvata a maggioranza, impegna il Consiglio regionale \u201ctramite l\u2019Ufficio di Presidenza, ad implementare la disciplina relativa all&#8217;anagrafe pubblica dei consiglieri e degli assessori regionali per quanto riguarda gli aspetti concernenti la trasparenza patrimoniale e associativa con particolare riferimento ai diritti reali su beni immobili e mobili, partecipazioni in societ\u00e0 quotato e non quotate o intestazioni fiduciarie riguardanti patrimoni posseduti all\u2019estero\u201d.<\/span><\/p>\n<p style=\"text-align: justify;\"><span style=\"color: #000000;\">Durante l\u2019intervento di Marras, alcuni consiglieri Pd hanno esibito copie dell\u2019Espresso, il settimanale che ha svelato alcuni retroscena della vicenda Cantone ed, in particolare, il fatto che fu il periodico stesso a \u201cricordare\u201d all\u2019esponente pentastellato la propriet\u00e0 di due societ\u00e0 a Malta.<\/span><\/p>\n<p style=\"text-align: justify;\"><span style=\"color: #000000;\">\u00abLa politica ed il ruolo istituzionale hanno dei confini \u2013 ha detto Marras \u2013 e credo che sia stato commesso un duplice errore. Io penso che nessuno debba dimettersi perch\u00e9 si \u00e8 dimenticato una banalit\u00e0, cos\u00ec come ci \u00e8 stata raccontata, pu\u00f2 capitare \u2013 ha ironizzato il capogruppo \u2013 di andare a Malta di fare due societ\u00e0, come a volte succede: vai in un posto, perdi una cosa, la ritrovi dopo anni\u2026 L\u2019eccesso della reazione a una vicenda banale, quindi, la rende grave e ci incuriosisce. Dunque, nessun eroismo, perch\u00e9 a un certo punto i cittadini si chiedono: ma perch\u00e9 si \u00e8 dimesso, non ci sar\u00e0 qualcosa d\u2019altro?\u00bb.<\/span><\/p>\n<p style=\"text-align: justify;\"><span style=\"color: #000000;\">E\u2019 stata quindi la vicecapogruppo del Pd, <strong>Monia Monni<\/strong>, ad approfondire quel \u201cqualcosa d\u2019altro\u201d.<\/span><\/p>\n<p style=\"text-align: justify;\"><span style=\"color: #000000;\"><img loading=\"lazy\" decoding=\"async\" class=\"alignright size-thumbnail wp-image-13485\" src=\"http:\/\/www.gruppopdregionetoscana.it\/web\/wp-content\/uploads\/2016\/07\/Monia5-151x150.jpg\" alt=\"Monia5\" width=\"151\" height=\"150\" \/>\u00abIl nostro obiettivo \u00e8 perseguire la trasparenza massima negli atti del Consiglio regionale e dei suoi consiglieri \u2013 ha detto Monni riferendosi alle motivazioni della mozione \u2013 Una trasparenza che \u00e8 mancata nel caso della vicenda Cantone. Oggi, il silenzio dei 5Stelle \u00e8 inquietante. Rispondete a una semplice domanda: visto che Cantone ha dichiarato di aver condiviso la scelta di dimettersi con Grillo, Di Maio e i vertici regionali del partito, vi ha messo al corrente della mail dell\u2019Espresso, ne eravate al corrente? Insomma, o siete bugiardi voi o \u00e8 bugiardo Cantone\u00bb.<\/span><\/p>\n<p style=\"text-align: justify;\"><span style=\"color: #000000;\">Monni ha poi parlato della \u201cpretesa superiorit\u00e0 morale\u201d del M5S, ricordando che su 17 amministrazioni locali governate dai grillini 13 hanno guai giudiziari.<\/span><\/p>\n<p style=\"text-align: justify;\"><span style=\"color: #000000;\">\u00abSar\u00e0 la magistratura a svolgere le indagini \u2013 ha proseguito Monni \u2013 ma le valutazioni politiche spettano a noi. La differenza non sta nelle persone, ma nella capacit\u00e0 di mettere in campo armi di distrazioni di massa, fake, bufale e blog che travisano la realt\u00e0\u00bb.<\/span><\/p>\n<p style=\"text-align: justify;\"><span style=\"color: #000000;\">Nel corso del dibattito, anche <strong>Antonio Mazzeo<\/strong> e <strong>Francesco Gazzetti<\/strong> hanno preso la parola per spingere Giannarelli a rispondere alle domande dai consiglieri Pd.<\/span><\/p>\n<p style=\"text-align: justify;\"><span style=\"color: #000000;\"><img loading=\"lazy\" decoding=\"async\" class=\"size-thumbnail wp-image-13420 alignleft\" src=\"http:\/\/www.gruppopdregionetoscana.it\/web\/wp-content\/uploads\/2016\/07\/Antonio5-151x150.jpg\" alt=\"Antonio5\" width=\"151\" height=\"150\" \/>\u00abLe risposte le dovete non a noi, ma ai cittadini \u2013 ha detto Mazzeo \u2013 Ripeto la domanda: Cantone ha mentito da solo o lo ha fatto insieme a voi? Sapevate della mail dell\u2019Espresso? Rispondete! Siamo stufi della doppia morale, facciamo valere le ragioni della verit\u00e0\u201d.<\/span><\/p>\n<p style=\"text-align: justify;\"><span style=\"color: #000000;\">\u00abLe domande che poniamo \u2013 ha detto Gazzetti \u2013 travalicheranno le mura di quest\u2019aula, state tranquilli. Averne le risposte, d\u2019ora in poi, sar\u00e0 una delle ragioni della <img loading=\"lazy\" decoding=\"async\" class=\"alignright size-thumbnail wp-image-13431\" src=\"http:\/\/www.gruppopdregionetoscana.it\/web\/wp-content\/uploads\/2016\/07\/Francesco2-151x150.jpg\" alt=\"Francesco2\" width=\"151\" height=\"150\" \/>mia vita politica. Se sapevate della mail dell\u2019Espresso, perch\u00e9 avete definito le dimissioni di Cantone un gesto eroico? Come ho sempre sostenuto \u2013 ha concluso \u2013 continuo a non riconoscervi nessuna superiorit\u00e0 etica e morale\u201d.<\/span><\/p>\n<p style=\"text-align: justify;\"><span style=\"color: #000000;\">A questo punto Giannarelli ha tentato di \u201cstoppare\u201d il dibattito in aula, chiedendo alla presidenza di limitare gli interventi, ma dopo la veemente reazione del gruppo Pd si \u00e8 visto costretto a prendere la parola. Secondo i consiglieri Pd, ammettendo di essere a conoscenza dell\u2019inchiesta dell\u2019Espresso e usando poi toni evasivi sui particolari della vicenda, Giannarelli ha mostrato un atteggiamento di sufficienza che non chiarisce e non risponde alle domande.<\/span><\/p>\n<p style=\"text-align: justify;\"><span style=\"color: #000000;\">Nell\u2019intervento conclusivo prima del voto sulla mozione il capogruppo Marras ha ribadito \u201cl\u2019opportunit\u00e0 di una valutazione della vicenda da parte dell\u2019aula\u201d e ha stigmatizzato il \u201ctentativo di sminuirne il peso da parte di Giannarelli\u201d,<\/span><\/p>\n<p style=\"text-align: justify;\"><span style=\"color: #000000;\">\u00abPrendete atto di una presunta superiorit\u00e0 morale che si \u00e8 incrinata \u2013 ha detto Marras \u2013 una superiorit\u00e0 che non solo non esiste ma rischia di trasformarsi in piccoli gesti di disonest\u00e0 intellettuale\u00bb.<\/span><\/p>\n","protected":false},"excerpt":{"rendered":"<p>Alla fine Giannarelli, incalzato dai Dem, interrompe il silenzio ma tenta di \u201csminuire\u201d Alcuni consiglieri Pd seguono l\u2019intervento di Marras sfogliando copie dell\u2019Espresso, il settimanale che aveva svelato i retroscena delle societ\u00e0 di Cantone a Malta \u00abMi rivolgo al sindaco Nogarin: ma dove sta l\u2019eroismo nel dimettersi perch\u00e9 un consigliere si \u00e8 dimenticato di dichiarare [&hellip;]<\/p>\n","protected":false},"author":1,"featured_media":15688,"comment_status":"closed","ping_status":"closed","sticky":false,"template":"","format":"standard","meta":{"_jetpack_memberships_contains_paid_content":false,"footnotes":""},"categories":[966,30,1002,954,955],"tags":[1752,1749,1746,1753,1751,1748,33,1750,1747,1677],"class_list":{"0":"post-15687","1":"post","2":"type-post","3":"status-publish","4":"format-standard","5":"has-post-thumbnail","7":"category-antonio-mazzeo","8":"category-comunicati-stampa","9":"category-francesco-gazzetti","10":"category-leonardo-marras","11":"category-monia-monni","12":"tag-dimenticanza","13":"tag-dimissioni","14":"tag-enrico-cantone","15":"tag-eroi","16":"tag-files","17":"tag-honesta","18":"tag-livorno","19":"tag-malata","20":"tag-movimento-5-stelle-toscana","21":"tag-trasparenza","22":"czr-hentry"},"jetpack_featured_media_url":"https:\/\/www.gruppopdregionetoscana.it\/web\/wp-content\/uploads\/2017\/05\/Schermata-2017-05-24-alle-11.50.15.png","jetpack_sharing_enabled":true,"_links":{"self":[{"href":"https:\/\/www.gruppopdregionetoscana.it\/web\/wp-json\/wp\/v2\/posts\/15687","targetHints":{"allow":["GET"]}}],"collection":[{"href":"https:\/\/www.gruppopdregionetoscana.it\/web\/wp-json\/wp\/v2\/posts"}],"about":[{"href":"https:\/\/www.gruppopdregionetoscana.it\/web\/wp-json\/wp\/v2\/types\/post"}],"author":[{"embeddable":true,"href":"https:\/\/www.gruppopdregionetoscana.it\/web\/wp-json\/wp\/v2\/users\/1"}],"replies":[{"embeddable":true,"href":"https:\/\/www.gruppopdregionetoscana.it\/web\/wp-json\/wp\/v2\/comments?post=15687"}],"version-history":[{"count":0,"href":"https:\/\/www.gruppopdregionetoscana.it\/web\/wp-json\/wp\/v2\/posts\/15687\/revisions"}],"wp:featuredmedia":[{"embeddable":true,"href":"https:\/\/www.gruppopdregionetoscana.it\/web\/wp-json\/wp\/v2\/media\/15688"}],"wp:attachment":[{"href":"https:\/\/www.gruppopdregionetoscana.it\/web\/wp-json\/wp\/v2\/media?parent=15687"}],"wp:term":[{"taxonomy":"category","embeddable":true,"href":"https:\/\/www.gruppopdregionetoscana.it\/web\/wp-json\/wp\/v2\/categories?post=15687"},{"taxonomy":"post_tag","embeddable":true,"href":"https:\/\/www.gruppopdregionetoscana.it\/web\/wp-json\/wp\/v2\/tags?post=15687"}],"curies":[{"name":"wp","href":"https:\/\/api.w.org\/{rel}","templated":true}]}}