{"id":15692,"date":"2017-05-25T09:40:54","date_gmt":"2017-05-25T07:40:54","guid":{"rendered":"http:\/\/www.gruppopdregionetoscana.it\/web\/?p=15692"},"modified":"2017-05-25T09:40:54","modified_gmt":"2017-05-25T07:40:54","slug":"protocollo-per-siena-scaramelli-e-bezzini-soddisfatti-bene-il-patto-con-la-regione-ora-si-passi-rapidamente-allattuazione","status":"publish","type":"post","link":"https:\/\/www.gruppopdregionetoscana.it\/web\/protocollo-per-siena-scaramelli-e-bezzini-soddisfatti-bene-il-patto-con-la-regione-ora-si-passi-rapidamente-allattuazione\/","title":{"rendered":"Protocollo per Siena, Scaramelli e Bezzini soddisfatti: \u201cBene il patto con la Regione. Ora si passi rapidamente all\u2019attuazione\u201d"},"content":{"rendered":"<p><span style=\"font-family: Calibri;\"><span style=\"color: #000000;\">\u201c<\/span><span style=\"color: #000000;\">Un passo avanti importante che mette Siena\u00a0 e la sua Provincia al centro delle politiche della nostra Regione<\/span>,<span style=\"color: #000000;\"> \u00a0che rafforza il rapporto \u00a0fra territorio senese e il Governo toscano e soprattutto segna un\u2019inversione di tendenza di questi due anni<\/span>, <span style=\"color: #000000;\">con un incremento delle risorse che la Regione destina al nostro territorio e riguardano in particolare universit\u00e0, ricerca, infrastrutture, difesa del suolo\u201d. \u00a0Cos\u00ec i <\/span><b><span style=\"color: #000000;\">consiglieri regionali \u00a0del PD Stefano Scaramelli e Simone Bezzini<\/span><\/b><span style=\"color: #000000;\"> esprimono soddisfazione per il \u00a0patto siglato oggi presso il Comune di Siena per interventi a favore della citt\u00e0 e del suo territorio fra il presidente della Regione, il sindaco di Siena, il presidente della Provincia e il direttore generale dell\u2019Azienda ospedaliero universitaria senese <\/span><\/span><\/p>\n<p><span style=\"color: #000000; font-family: Calibri;\">\u00a0<\/span><span style=\"font-family: Calibri;\"><span style=\"color: #000000;\">\u201cQuesto protocollo- dicono <b>Scaramelli e Bezzini<\/b><\/span><span style=\"color: #000000;\"> \u2013 che \u00e8 anche frutto dell\u2019impegno portato avanti dai noi \u00a0nei mesi scorsi, segna un bel risultato al termine dei primi due anni di mandato e d\u00e0 slancio ai prossimi tre, con Siena che torna protagonista nello scenario regionale come merita la sua storia. Il patto pone l\u2019attenzione su settori importanti, prevedendo per essi una serie di interventi. Non solo. E\u2019 un patto in linea con le recenti novit\u00e0 introdotte dal PRS che ha riportato al centro delle strategie regionali l\u2019Etruria centrale\u00a0 e le terre di Siena. Nel protocollo si parla in particolare di strade, ferrovie, aeroporto di Ampugnano; sanit\u00e0; cultura; <\/span>u<span style=\"color: #000000;\">niversit\u00e0 e ricerca; edilizia residenziale pubblica. Il rafforzamento del rapporto fra Siena\u00a0 e la Regione \u00e8 importante e auspicato da tempo. Oggi questa firma rappresenta un passo avanti importante, molto apprezzato, e che risponde proprio alla necessit\u00e0 che il territorio sentiva, di intensificare il rapporto con la Regione\u201d. La parte operativa del protocollo \u00e8 rappresentata da una Cabina di <\/span>R<span style=\"color: #000000;\">egia che dovr\u00e0 identificare le priorit\u00e0 e le azioni da sviluppare oltrech\u00e9 monitorare l\u2019implementazione del protocollo . \u201cAuspichiamo dunque \u2013 concludono <\/span><b><span style=\"color: #000000;\">Scaramelli e Bezzini<\/span><\/b><span style=\"color: #000000;\"> \u2013 che la Cabina Regia sia operativa il prima possibile in modo da passare dalle parole ai fatti\u201d<\/span><\/span><\/p>\n<p>&nbsp;<\/p>\n","protected":false},"excerpt":{"rendered":"<p>\u201cUn passo avanti importante che mette Siena\u00a0 e la sua Provincia al centro delle politiche della nostra Regione, \u00a0che rafforza il rapporto \u00a0fra territorio senese e il Governo toscano e soprattutto segna un\u2019inversione di tendenza di questi due anni, con un incremento delle risorse che la Regione destina al nostro territorio e riguardano in particolare [&hellip;]<\/p>\n","protected":false},"author":1,"featured_media":15693,"comment_status":"closed","ping_status":"closed","sticky":false,"template":"","format":"standard","meta":{"_jetpack_memberships_contains_paid_content":false,"footnotes":""},"categories":[30,956,971],"tags":[],"class_list":{"0":"post-15692","1":"post","2":"type-post","3":"status-publish","4":"format-standard","5":"has-post-thumbnail","7":"category-comunicati-stampa","8":"category-simone-bezzini","9":"category-stefano-scaramelli","10":"czr-hentry"},"jetpack_featured_media_url":"https:\/\/www.gruppopdregionetoscana.it\/web\/wp-content\/uploads\/2017\/05\/Siena-view.jpg","jetpack_sharing_enabled":true,"_links":{"self":[{"href":"https:\/\/www.gruppopdregionetoscana.it\/web\/wp-json\/wp\/v2\/posts\/15692","targetHints":{"allow":["GET"]}}],"collection":[{"href":"https:\/\/www.gruppopdregionetoscana.it\/web\/wp-json\/wp\/v2\/posts"}],"about":[{"href":"https:\/\/www.gruppopdregionetoscana.it\/web\/wp-json\/wp\/v2\/types\/post"}],"author":[{"embeddable":true,"href":"https:\/\/www.gruppopdregionetoscana.it\/web\/wp-json\/wp\/v2\/users\/1"}],"replies":[{"embeddable":true,"href":"https:\/\/www.gruppopdregionetoscana.it\/web\/wp-json\/wp\/v2\/comments?post=15692"}],"version-history":[{"count":0,"href":"https:\/\/www.gruppopdregionetoscana.it\/web\/wp-json\/wp\/v2\/posts\/15692\/revisions"}],"wp:featuredmedia":[{"embeddable":true,"href":"https:\/\/www.gruppopdregionetoscana.it\/web\/wp-json\/wp\/v2\/media\/15693"}],"wp:attachment":[{"href":"https:\/\/www.gruppopdregionetoscana.it\/web\/wp-json\/wp\/v2\/media?parent=15692"}],"wp:term":[{"taxonomy":"category","embeddable":true,"href":"https:\/\/www.gruppopdregionetoscana.it\/web\/wp-json\/wp\/v2\/categories?post=15692"},{"taxonomy":"post_tag","embeddable":true,"href":"https:\/\/www.gruppopdregionetoscana.it\/web\/wp-json\/wp\/v2\/tags?post=15692"}],"curies":[{"name":"wp","href":"https:\/\/api.w.org\/{rel}","templated":true}]}}