{"id":15704,"date":"2017-05-26T16:55:16","date_gmt":"2017-05-26T14:55:16","guid":{"rendered":"http:\/\/www.gruppopdregionetoscana.it\/web\/?p=15704"},"modified":"2017-05-26T16:55:16","modified_gmt":"2017-05-26T14:55:16","slug":"caso-cantone-marras-a-giannarelli-tue-parole-solo-buone-per-uscire-dallangolo-nessun-nesso-lo-sai-bene-fra-inchiesta-rifiuti-e-pd","status":"publish","type":"post","link":"https:\/\/www.gruppopdregionetoscana.it\/web\/caso-cantone-marras-a-giannarelli-tue-parole-solo-buone-per-uscire-dallangolo-nessun-nesso-lo-sai-bene-fra-inchiesta-rifiuti-e-pd\/","title":{"rendered":"Caso Cantone, Marras a Giannarelli : \u201cTue parole solo buone per uscire dall\u2019angolo. Nessun nesso, lo sai bene, fra inchiesta rifiuti e Pd \u201d"},"content":{"rendered":"<p><span style=\"font-family: 'Georgia','serif'; font-size: 14pt;\"><span style=\"color: #000000;\">\u201cNon c\u2019\u00e8 nessun nesso fra l\u2019inchiesta rifiuti e il PD e le accuse di Giannarelli sono buone solo ad uscire dall\u2019angolo\u201d. Cos\u00ec il <b>capogruppo del PD in Regione Leonardo Marras <\/b><\/span><span style=\"color: #000000;\">commenta quanto detto oggi dall\u2019esponente regionale del M5s Massimo Giannarelli che tenta di distrarre l\u2019attenzione dal caso Cantone tirando in ballo la questione rifiuti per\u00a0 gettare fango sul Partito democratico <\/span><\/span><\/p>\n<p><span style=\"font-family: 'Georgia','serif'; font-size: 14pt;\"><span style=\"color: #000000;\">\u201cSulla vicenda dei rifiuti- <b>chiarisce Marras<\/b><\/span><span style=\"color: #000000;\">&#8211;\u00a0 siamo i primi a pretendere giustizia e a conoscere la verit\u00e0 e le eventuali implicazioni sul contratto di servizio. I sindaci, molti dei quali sono del Pd, hanno richiesto il commissariamento e non hanno nulla da nascondere. Sono i primi a chiedere giustizia. Al M5S invece non \u00e8 riuscita l&#8217;operazione di insabbiamento. \u00c8 vero sono diversi da tutti gli altri. Sono senza scrupoli e dissimulano la realt\u00e0 senza alcun disagio, con le facce di bronzo di chi dice una cosa e il giorno dopo, senza alcune vergogna, il contrario\u201d<\/span><\/span><\/p>\n<p><span style=\"color: #000000; font-family: Calibri;\">\u00a0<\/span><\/p>\n<p>&nbsp;<\/p>\n","protected":false},"excerpt":{"rendered":"<p>\u201cNon c\u2019\u00e8 nessun nesso fra l\u2019inchiesta rifiuti e il PD e le accuse di Giannarelli sono buone solo ad uscire dall\u2019angolo\u201d. Cos\u00ec il capogruppo del PD in Regione Leonardo Marras commenta quanto detto oggi dall\u2019esponente regionale del M5s Massimo Giannarelli che tenta di distrarre l\u2019attenzione dal caso Cantone tirando in ballo la questione rifiuti per\u00a0 [&hellip;]<\/p>\n","protected":false},"author":1,"featured_media":13467,"comment_status":"closed","ping_status":"closed","sticky":false,"template":"","format":"standard","meta":{"_jetpack_memberships_contains_paid_content":false,"footnotes":""},"categories":[30,954],"tags":[],"class_list":{"0":"post-15704","1":"post","2":"type-post","3":"status-publish","4":"format-standard","5":"has-post-thumbnail","7":"category-comunicati-stampa","8":"category-leonardo-marras","9":"czr-hentry"},"jetpack_featured_media_url":"https:\/\/www.gruppopdregionetoscana.it\/web\/wp-content\/uploads\/2016\/07\/Leonardo3-1.jpg","jetpack_sharing_enabled":true,"_links":{"self":[{"href":"https:\/\/www.gruppopdregionetoscana.it\/web\/wp-json\/wp\/v2\/posts\/15704","targetHints":{"allow":["GET"]}}],"collection":[{"href":"https:\/\/www.gruppopdregionetoscana.it\/web\/wp-json\/wp\/v2\/posts"}],"about":[{"href":"https:\/\/www.gruppopdregionetoscana.it\/web\/wp-json\/wp\/v2\/types\/post"}],"author":[{"embeddable":true,"href":"https:\/\/www.gruppopdregionetoscana.it\/web\/wp-json\/wp\/v2\/users\/1"}],"replies":[{"embeddable":true,"href":"https:\/\/www.gruppopdregionetoscana.it\/web\/wp-json\/wp\/v2\/comments?post=15704"}],"version-history":[{"count":0,"href":"https:\/\/www.gruppopdregionetoscana.it\/web\/wp-json\/wp\/v2\/posts\/15704\/revisions"}],"wp:featuredmedia":[{"embeddable":true,"href":"https:\/\/www.gruppopdregionetoscana.it\/web\/wp-json\/wp\/v2\/media\/13467"}],"wp:attachment":[{"href":"https:\/\/www.gruppopdregionetoscana.it\/web\/wp-json\/wp\/v2\/media?parent=15704"}],"wp:term":[{"taxonomy":"category","embeddable":true,"href":"https:\/\/www.gruppopdregionetoscana.it\/web\/wp-json\/wp\/v2\/categories?post=15704"},{"taxonomy":"post_tag","embeddable":true,"href":"https:\/\/www.gruppopdregionetoscana.it\/web\/wp-json\/wp\/v2\/tags?post=15704"}],"curies":[{"name":"wp","href":"https:\/\/api.w.org\/{rel}","templated":true}]}}